{"id":14855,"date":"2021-03-12T14:45:07","date_gmt":"2021-03-12T17:45:07","guid":{"rendered":"https:\/\/www.sertsc.org.br\/site\/?p=14855"},"modified":"2021-03-12T14:45:07","modified_gmt":"2021-03-12T17:45:07","slug":"como-tirar-o-melhor-proveito-de-fontes-e-entrevistas","status":"publish","type":"post","link":"https:\/\/sertsc.org.br\/site\/como-tirar-o-melhor-proveito-de-fontes-e-entrevistas\/","title":{"rendered":"Como tirar o melhor proveito de fontes e entrevistas"},"content":{"rendered":"<p style=\"text-align: justify;\">A entrevista \u00e9 uma das ferramentas mais utilizadas no dia a dia de comunicadores. A depender do formato, e meio de veicula\u00e7\u00e3o, existem t\u00e9cnicas e cuidados que ajudam o interlocutor a extrair o melhor do convidado, oferecendo ao p\u00fablico conte\u00fado rico e condizente com as expectativas criadas.<\/p>\n<p style=\"text-align: justify;\">Em r\u00e1dio, um dos grandes desafios em entrevistas \u00e9 administrar o tempo, para intermediar com efici\u00eancia e n\u00e3o prejudicar a grade de programa\u00e7\u00e3o. \u201cO tempo do r\u00e1dio, em compara\u00e7\u00e3o ao da televis\u00e3o ou internet \u00e9 diferente, cinco segundos no r\u00e1dio \u00e9 muito tempo. Quando voc\u00ea grava ou transmite em v\u00eddeo, a fala \u00e9 apoiada com gestual, cobertura de imagens, j\u00e1 no r\u00e1dio n\u00e3o tem essa possibilidade, a fala precisa ocupar todos os pap\u00e9is, do gesto, do documento mostrado, da imagem de arquivo\u201d, explica o \u00e2ncora e comentarista da CBN Maring\u00e1, Gilson Aguiar.<\/p>\n<p style=\"text-align: justify;\">Aguiar entende que a converg\u00eancia digital est\u00e1 aproximando o r\u00e1dio da realidade de outros formatos de m\u00eddia. \u201cEstamos agregando a imagem ao r\u00e1dio e isto deve aumentar e se consolidar com o tempo, o que naturalmente vai mudar um pouco a forma que fazemos e conduzimos entrevistas, j\u00e1 que o p\u00fablico vai ver e ler, al\u00e9m de ouvir\u201d, diz.<\/p>\n<p style=\"text-align: justify;\">Apesar do progn\u00f3stico, compartilhado por grande parte dos executivos e te\u00f3ricos do setor, o jornalista destaca a responsabilidade, ainda maior, do comunicador de r\u00e1dio em contextualizar a entrevista e criar o ambiente para que ela aconte\u00e7a da forma mais produtiva poss\u00edvel. Al\u00e9m da clareza na fala, escolha de palavras, capacidade descritiva de situa\u00e7\u00f5es e ambientes e, especialmente, de s\u00edntese de ideias.<\/p>\n<p style=\"text-align: justify;\">\u201cUma das coisas que fui aprendendo com o tempo, e tamb\u00e9m com alguns \u00eddolos, profissionais com quem trabalhei e sempre gostei de ouvir, como Her\u00f3doto Barbeiro e Roberto Nonato, \u00e9 a compreens\u00e3o de que precisamos criar o ambiente na cabe\u00e7a do nosso ouvinte pra ele entender do que estamos falando e com quem estamos falando, aquela ideia de que \u00e9 preciso dar a dimens\u00e3o do problema que a gente vai tratar, da quest\u00e3o que a gente vai abordar e entender quem vai falar disso pra gente, para que as pessoas possam localizar aquilo na sua pr\u00f3pria cadeia de valores e no\u00e7\u00e3o de relev\u00e2ncia\u201d.<\/p>\n<p style=\"text-align: justify;\">Ou seja, na hora de buscar um entrevistado e definir um tema, eles t\u00eam, necessariamente, que ter relev\u00e2ncia para o seu p\u00fablico \u2013 o que nem sempre condiz com o que \u00e9 relevante do seu pr\u00f3prio ponto de vista. Por isso, conhecer a audi\u00eancia \u00e9 crucial na hora de planejar entrevistas.<\/p>\n<p style=\"text-align: justify;\">O jornalista entende que, para r\u00e1dios de cunho mais noticioso, a sele\u00e7\u00e3o e a relev\u00e2ncia do tema devem sempre preceder a escolha do entrevistado. \u201cPrimeira coisa que fa\u00e7o \u00e9 questionar se o tema \u00e9 relevante, antes da entrevista ser agendada. O personagem que ser\u00e1 entrevistado est\u00e1 sempre dentro do \u2018problema\u2019, ou tem\u00e1tica do momento, da semana. Raramente, tenho um personagem que vou \u2018construir o problema\u2019 para ele participar como entrevistado. A n\u00e3o ser que seja uma personalidade muito importante, que trate de um determinado tema relevante que tenha v\u00e1rios caminhos diferentes que eu possa tratar\u201d.<\/p>\n<p style=\"text-align: justify;\"><strong>Tipos de entrevista<\/strong><\/p>\n<p style=\"text-align: justify;\">Entrevistas podem ter motiva\u00e7\u00f5es diversas, mas via de regra, se prestam a quatro finalidades, basicamente.<\/p>\n<p style=\"text-align: justify;\">A mais recorrente delas busca esclarecer determinado assunto, atual, relevante e pertinente, at\u00e9 \u2018esgot\u00e1-lo\u2019, por meio de fonte qualificada, prestando servi\u00e7o de utilidade p\u00fablica para a audi\u00eancia. S\u00e3o os infectologistas falando sobre coronav\u00edrus, militares e policiais da reserva ou especialistas em seguran\u00e7a p\u00fablica explicando os limites da abordagem e uso da for\u00e7a ap\u00f3s um caso de repercuss\u00e3o, por exemplo.<\/p>\n<p style=\"text-align: justify;\">Outra forma de entrevista, mais leve, \u00e9 a focada em bons exemplos, que inspiram, motivam e d\u00e3o \u2018respiro\u2019 \u00e0 programa\u00e7\u00e3o noticiosa, geralmente carregada com pol\u00edtica, acidentes de tr\u00e2nsito e informa\u00e7\u00f5es trazidas em primeira m\u00e3o por rep\u00f3rteres que est\u00e3o nas ruas, sempre ligados na cl\u00e1ssica r\u00e1dio escuta.<\/p>\n<p style=\"text-align: justify;\">S\u00e3o iniciativas transformadoras, geralmente de cunho social, no mundo das artes, cultura e entretenimento. Projetos inclusivos ou inovadores na \u00e1rea de educa\u00e7\u00e3o, ou ainda,\u00a0<em>cases<\/em>\u00a0de empreendedorismo e solu\u00e7\u00f5es no campo, que envolvem cooperativas e agricultores familiares.<\/p>\n<p style=\"text-align: justify;\">A terceira \u00e9 quando a posi\u00e7\u00e3o do entrevistado justifica a entrevista, ainda que n\u00e3o haja um tema atual ou espec\u00edfico a ser explorado. \u00c9 o caso de autoridades, celebridades e formadores de opini\u00e3o, gente de dif\u00edcil acesso, agenda concorrida, personagens que, por si s\u00f3, j\u00e1 s\u00e3o um acontecimento.<\/p>\n<p style=\"text-align: justify;\">E a \u00faltima, que melhor representa o papel social do comunicador, \u00e9 a que d\u00e1 voz ao cidad\u00e3o comum. Geralmente, \u00e9 a den\u00fancia do l\u00edder comunit\u00e1rio, da m\u00e3e de fam\u00edlia que teve o benef\u00edcio cortado sem explica\u00e7\u00e3o, do empres\u00e1rio que sofre achaque e tantas outras possibilidades.<\/p>\n<p style=\"text-align: justify;\">Esta modalidade, ainda que n\u00e3o compreenda o formato mais tradicional de entrevista, \u00e9 importante para que popula\u00e7\u00e3o e seus representantes se mantenham acess\u00edveis e em contato, j\u00e1 que a falta de comunica\u00e7\u00e3o descola cada vez mais a classe pol\u00edtica do \u2018mundo real\u2019.<\/p>\n<p style=\"text-align: justify;\"><strong>Bagagem pr\u00e1tica<\/strong><\/p>\n<p style=\"text-align: justify;\">A coordenadora de jornalismo da Rede Aerp, Juliana Sartori, tem uma lembran\u00e7a memor\u00e1vel de entrevista, com a qual aprendeu muito. Ambas aconteceram quando apresentava um programa de cultura, na R\u00e1dio Lumen FM, de Curitiba, que mesclava apresenta\u00e7\u00f5es de m\u00fasica com entrevistas, em est\u00fadio improvisado em um shopping da cidade.<\/p>\n<p style=\"text-align: justify;\">Uma delas foi com o cantor e compositor Arnaldo Antunes. \u201cJamais imaginaria que ele fosse t\u00e3o t\u00edmido quanto de fato \u00e9. Conversamos antes, quebramos o gelo, tudo fluiu bem no pr\u00e9-entrevista. Mas quando entramos no ar, ele ficou monossil\u00e1bico. Respondia todas as perguntas, abertas ou fechadas, com no m\u00e1ximo duas palavras\u201d.<\/p>\n<p style=\"text-align: justify;\">Conhecedora do repert\u00f3rio e obra do artista, ela acabou fazendo quase o triplo de perguntas do que havia formulado, para preencher o tempo dispon\u00edvel. \u201cImagina se n\u00e3o conhecesse bem o trabalho dele, se n\u00e3o tivesse pesquisado curiosidades para explorar o que ele estava mais a vontade de falar?\u201d, questiona.<\/p>\n<p style=\"text-align: justify;\">Gilson Aguiar aponta uma entrevista que fez com o ex-governador e senador Roberto Requi\u00e3o, como a mais tensa de sua carreira. \u201cEle j\u00e1 vinha de uma s\u00e9rie de embates e desentendimentos com outros jornalistas, logo que perdeu a elei\u00e7\u00e3o para o senado. Fiz uma pergunta a ele, durante entrevista, sobre o mercado, e problemas de exporta\u00e7\u00e3o do estado que tinham rela\u00e7\u00e3o com a gest\u00e3o do irm\u00e3o dele no porto de Paranagu\u00e1\u201d.<\/p>\n<p style=\"text-align: justify;\">A rea\u00e7\u00e3o do ent\u00e3o candidato, ao final da entrevista, j\u00e1 fora do ar, exigiu muito autocontrole e agilidade de racioc\u00ednio do jornalista para contornar o momento de f\u00faria. Com ambas as m\u00e3os fechadas em cima da mesa, ignorando o agradecimento do entrevistador, Requi\u00e3o disparou: \u201cvoc\u00ea \u00e9 um desses jornalistazinhos que l\u00ea muita revista Veja n\u00e9\u201d. \u201cE o Sr. acompanha muito pouco o que interessa e s\u00f3 l\u00ea o que lhe agrada, n\u00e3o \u00e9?\u201d retrucou o \u00e2ncora.<\/p>\n<p style=\"text-align: justify;\">Controlar a temperatura de entrevistas naturalmente tensas \u00e9 papel do comunicador, bem como manter o respeito entre as partes, impondo os limites que se fizerem necess\u00e1rios. Afinal, uma pergunta pertinente, feita de maneira educada, n\u00e3o justifica qualquer agress\u00e3o como resposta, por mais inc\u00f4moda que seja.<\/p>\n<p style=\"text-align: justify;\"><strong>Dicas pr\u00e1ticas:<\/strong><\/p>\n<p style=\"text-align: justify;\">Confira um resumo com as dicas pr\u00e1ticas dos jornalistas Gilson Aguiar e Juliana Sartori, para tornar suas entrevistas ainda mais proveitosas:<\/p>\n<ul>\n<li style=\"text-align: justify;\">Entrevistados e temas devem ter sinergia com perfil da audi\u00eancia;<\/li>\n<li style=\"text-align: justify;\">Aten\u00e7\u00e3o com administra\u00e7\u00e3o do tempo;<\/li>\n<li style=\"text-align: justify;\">Tanto perguntas abertas quanto fechadas s\u00e3o \u00fateis a depender do contexto. \u00c9 importante saber qual delas usar em cada momento da entrevista, e deixar claro quando se espera t\u00e3o somente uma afirmativa ou negativa da fonte;<\/li>\n<li style=\"text-align: justify;\">Pesquise, consulte pontos de vista diferentes para fazer perguntas relevantes, e para que a entrevista renda conhecimento al\u00e9m do superficial e j\u00e1 sabido;<\/li>\n<li style=\"text-align: justify;\">Teste equipamentos, conex\u00e3o e tudo que dependa de tecnologia para minimizar poss\u00edveis falhas t\u00e9cnicas;<\/li>\n<li style=\"text-align: justify;\">Reserve um momento pr\u00e9-entrevista para quebrar o gelo e conversar informalmente com o entrevistado;<\/li>\n<li style=\"text-align: justify;\">Procure saber se o entrevistado est\u00e1 habituado com a situa\u00e7\u00e3o, e explicite o tempo m\u00e9dio da entrevista, para que ele tenha condi\u00e7\u00f5es de elaborar as respostas de acordo com o tempo dispon\u00edvel;<\/li>\n<li style=\"text-align: justify;\">Disponibilize \u00e1gua, sempre;<\/li>\n<li style=\"text-align: justify;\">Mantenha a formalidade e o distanciamento da fonte, para que possa questionar sempre com isen\u00e7\u00e3o e, quando necess\u00e1rio, assertividade;<\/li>\n<li style=\"text-align: justify;\">Capacidade de s\u00edntese nas perguntas. Quem tem que elaborar \u00e9 o entrevistado, nas respostas, e n\u00e3o o mediador;<\/li>\n<li style=\"text-align: justify;\">Jogo de cintura e racioc\u00ednio r\u00e1pido para lidar com imprevistos e tomar decis\u00f5es r\u00e1pidas;<\/li>\n<li style=\"text-align: justify;\">Esp\u00edrito mediador, e n\u00e3o prevenido. Tampouco agressivo, ou \u2018incitador\u2019;<\/li>\n<li style=\"text-align: justify;\">Cuidado com o deslumbre e puxa-saquismo;<\/li>\n<li style=\"text-align: justify;\">N\u00e3o julgar, nunca. Nem opinar. O foco da entrevista \u00e9 sempre o entrevistado;<\/li>\n<li style=\"text-align: justify;\">Controle o n\u00edvel de tens\u00e3o e imponha limites para si, na insist\u00eancia em temas que o entrevistado j\u00e1 demonstrou n\u00e3o querer entrar, e para a fonte, caso insista em informa\u00e7\u00f5es, acusa\u00e7\u00f5es ou fatos improcedentes.<\/li>\n<\/ul>\n<p>Fonte: AERP<\/p>\n","protected":false},"excerpt":{"rendered":"<p>A entrevista \u00e9 uma das ferramentas mais utilizadas no dia&hellip;<\/p>\n<p> <a class=\"more-link\" href=\"https:\/\/sertsc.org.br\/site\/como-tirar-o-melhor-proveito-de-fontes-e-entrevistas\/\">Leia mais<\/a><\/p>\n","protected":false},"author":1,"featured_media":14856,"comment_status":"open","ping_status":"open","sticky":false,"template":"","format":"standard","meta":{"footnotes":""},"categories":[3],"tags":[],"class_list":{"0":"post-14855","1":"post","2":"type-post","3":"status-publish","4":"format-standard","5":"has-post-thumbnail","7":"category-noticias"},"_links":{"self":[{"href":"https:\/\/sertsc.org.br\/site\/wp-json\/wp\/v2\/posts\/14855","targetHints":{"allow":["GET"]}}],"collection":[{"href":"https:\/\/sertsc.org.br\/site\/wp-json\/wp\/v2\/posts"}],"about":[{"href":"https:\/\/sertsc.org.br\/site\/wp-json\/wp\/v2\/types\/post"}],"author":[{"embeddable":true,"href":"https:\/\/sertsc.org.br\/site\/wp-json\/wp\/v2\/users\/1"}],"replies":[{"embeddable":true,"href":"https:\/\/sertsc.org.br\/site\/wp-json\/wp\/v2\/comments?post=14855"}],"version-history":[{"count":0,"href":"https:\/\/sertsc.org.br\/site\/wp-json\/wp\/v2\/posts\/14855\/revisions"}],"wp:featuredmedia":[{"embeddable":true,"href":"https:\/\/sertsc.org.br\/site\/wp-json\/"}],"wp:attachment":[{"href":"https:\/\/sertsc.org.br\/site\/wp-json\/wp\/v2\/media?parent=14855"}],"wp:term":[{"taxonomy":"category","embeddable":true,"href":"https:\/\/sertsc.org.br\/site\/wp-json\/wp\/v2\/categories?post=14855"},{"taxonomy":"post_tag","embeddable":true,"href":"https:\/\/sertsc.org.br\/site\/wp-json\/wp\/v2\/tags?post=14855"}],"curies":[{"name":"wp","href":"https:\/\/api.w.org\/{rel}","templated":true}]}}