{"id":14842,"date":"2021-03-12T08:43:24","date_gmt":"2021-03-12T11:43:24","guid":{"rendered":"https:\/\/www.sertsc.org.br\/site\/?p=14842"},"modified":"2021-03-12T08:43:24","modified_gmt":"2021-03-12T11:43:24","slug":"anatel-orienta-cadastramento-de-estacoes-profissionais-na-banda-c-estendida","status":"publish","type":"post","link":"https:\/\/sertsc.org.br\/site\/anatel-orienta-cadastramento-de-estacoes-profissionais-na-banda-c-estendida\/","title":{"rendered":"Anatel orienta cadastramento de esta\u00e7\u00f5es profissionais na banda C estendida"},"content":{"rendered":"<p style=\"text-align: justify;\">Enquanto o edital do leil\u00e3o do 5G ainda est\u00e1 sendo\u00a0<a href=\"https:\/\/teletime.com.br\/26\/02\/2021\/baigorri-valores-para-o-leilao-de-5g-e-obrigacoes-do-mcom-ainda-sao-preliminares\/\" target=\"_blank\" rel=\"noreferrer noopener follow\" data-wpel-link=\"internal\">trabalhado na \u00e1rea t\u00e9cnica para ser entregue ao Tribunal de Contas da Uni\u00e3o<\/a>, a Anatel refor\u00e7a as orienta\u00e7\u00f5es para o cadastramento das esta\u00e7\u00f5es terrenas profissionais operando na banda C estendida (3.625-3.700 MHz) e convencional. Esse processo \u00e9 fundamental para as emissoras que utilizam o equipamento pois permite \u00e0 ag\u00eancia poder efetuar o c\u00e1lculo do ressarcimento, que considerar\u00e1 apenas essas esta\u00e7\u00f5es cadastradas, por conta da<a href=\"https:\/\/teletime.com.br\/29\/01\/2021\/entidade-cuidara-da-migracao-para-banda-ku-cheque-em-branco-preocupa-operadoras\/\" target=\"_blank\" rel=\"noreferrer noopener follow\" data-wpel-link=\"internal\">\u00a0limpeza da faixa de 3,5 GHz<\/a>.<\/p>\n<p style=\"text-align: justify;\">O encerramento do prazo para cadastramento continua sendo o dia 1\u00ba de abril, e inclui n\u00e3o apenas as esta\u00e7\u00f5es terrenas receptoras, mas as transceptoras e transmissoras. Os equipamentos ficam licenciados no Banco de Dados T\u00e9cnicos e Administrativos (BTDA) do sistema STEL, conforme estabelece o Regulamento Geral de Licenciamento (Resolu\u00e7\u00e3o n\u00ba 719\/2020).<\/p>\n<p style=\"text-align: justify;\">A Anatel lembra que h\u00e1 aten\u00e7\u00e3o tamb\u00e9m a interfer\u00eancias. &#8220;Al\u00e9m do que j\u00e1 foi exposto, \u00e9 importante lembrar, no que concerne as esta\u00e7\u00f5es exclusivamente receptoras, que a prestadora ou o propriet\u00e1rio podem requerer, a qualquer tempo, prote\u00e7\u00e3o contra interfer\u00eancias prejudiciais, conforme previsto no art. 6\u00ba do RGL. Para tanto, as esta\u00e7\u00f5es tamb\u00e9m dever\u00e3o estar cadastradas no BDTA, sistema STEL. O pedido de prote\u00e7\u00e3o dever\u00e1 ser acompanhado por justificativa e, se deferido o requerimento, a esta\u00e7\u00e3o ser\u00e1 considerada em futuras an\u00e1lises de interfer\u00eancias realizadas pela ag\u00eancia.&#8221;<\/p>\n<p style=\"text-align: justify;\"><a href=\"https:\/\/teletime.com.br\/22\/01\/2021\/banda-c-abratel-pede-urgencia-em-cadastro-de-estacoes-profissionais-de-satelite\/\" target=\"_blank\" rel=\"noreferrer noopener follow\" data-wpel-link=\"internal\">Ainda em janeiro<\/a>, a Associa\u00e7\u00e3o Brasileira de R\u00e1dio e Televis\u00e3o (<strong>Abratel<\/strong>) havia reiterado a urg\u00eancia do cadastro das esta\u00e7\u00f5es terrenas. A entidade disse que \u00e9 um passo fundamental para que as esta\u00e7\u00f5es profissionais sejam\u00a0<a href=\"https:\/\/teletime.com.br\/23\/12\/2020\/banda-c-a-importancia-da-conciliacao-com-o-setor-de-satelites\/\" target=\"_blank\" rel=\"noreferrer noopener follow\" data-wpel-link=\"internal\">protegidas em caso de interfer\u00eancia provocada pelo 5G<\/a>. At\u00e9 o final do ano passado, a Anatel\u00a0<a href=\"https:\/\/teletime.com.br\/31\/01\/2021\/para-operadoras-portaria-com-politicas-para-5g-joga-incertezas-sobre-leilao\/\" target=\"_blank\" rel=\"noreferrer noopener follow\" data-wpel-link=\"internal\">s\u00f3 contava com 6 mil esta\u00e7\u00f5es cadastradas<\/a>.<\/p>\n<p style=\"text-align: justify;\">As instru\u00e7\u00f5es para o cadastramento e licenciamento das esta\u00e7\u00f5es terrenas\u00a0<a href=\"https:\/\/www.gov.br\/anatel\/pt-br\/regulado\/satelite\/licenciamento-de-estacoes-terrenas\" target=\"_blank\" rel=\"noreferrer noopener nofollow external\" data-wpel-link=\"external\">podem ser acessadas clicando aqui<\/a>.<\/p>\n<p style=\"text-align: justify;\">\n<p style=\"text-align: justify;\">\n<p style=\"text-align: justify;\">Fonte: Teletime<\/p>\n","protected":false},"excerpt":{"rendered":"<p>Enquanto o edital do leil\u00e3o do 5G ainda est\u00e1 sendo\u00a0trabalhado&hellip;<\/p>\n<p> <a class=\"more-link\" href=\"https:\/\/sertsc.org.br\/site\/anatel-orienta-cadastramento-de-estacoes-profissionais-na-banda-c-estendida\/\">Leia mais<\/a><\/p>\n","protected":false},"author":1,"featured_media":14843,"comment_status":"open","ping_status":"open","sticky":false,"template":"","format":"standard","meta":{"footnotes":""},"categories":[3],"tags":[],"class_list":{"0":"post-14842","1":"post","2":"type-post","3":"status-publish","4":"format-standard","5":"has-post-thumbnail","7":"category-noticias"},"_links":{"self":[{"href":"https:\/\/sertsc.org.br\/site\/wp-json\/wp\/v2\/posts\/14842","targetHints":{"allow":["GET"]}}],"collection":[{"href":"https:\/\/sertsc.org.br\/site\/wp-json\/wp\/v2\/posts"}],"about":[{"href":"https:\/\/sertsc.org.br\/site\/wp-json\/wp\/v2\/types\/post"}],"author":[{"embeddable":true,"href":"https:\/\/sertsc.org.br\/site\/wp-json\/wp\/v2\/users\/1"}],"replies":[{"embeddable":true,"href":"https:\/\/sertsc.org.br\/site\/wp-json\/wp\/v2\/comments?post=14842"}],"version-history":[{"count":0,"href":"https:\/\/sertsc.org.br\/site\/wp-json\/wp\/v2\/posts\/14842\/revisions"}],"wp:featuredmedia":[{"embeddable":true,"href":"https:\/\/sertsc.org.br\/site\/wp-json\/"}],"wp:attachment":[{"href":"https:\/\/sertsc.org.br\/site\/wp-json\/wp\/v2\/media?parent=14842"}],"wp:term":[{"taxonomy":"category","embeddable":true,"href":"https:\/\/sertsc.org.br\/site\/wp-json\/wp\/v2\/categories?post=14842"},{"taxonomy":"post_tag","embeddable":true,"href":"https:\/\/sertsc.org.br\/site\/wp-json\/wp\/v2\/tags?post=14842"}],"curies":[{"name":"wp","href":"https:\/\/api.w.org\/{rel}","templated":true}]}}