{"id":14837,"date":"2021-03-11T16:39:06","date_gmt":"2021-03-11T19:39:06","guid":{"rendered":"https:\/\/www.sertsc.org.br\/site\/?p=14837"},"modified":"2021-03-11T16:39:06","modified_gmt":"2021-03-11T19:39:06","slug":"almirante-flavio-rocha-assume-secom-interinamente","status":"publish","type":"post","link":"https:\/\/sertsc.org.br\/site\/almirante-flavio-rocha-assume-secom-interinamente\/","title":{"rendered":"Almirante Fl\u00e1vio Rocha assume SECOM interinamente"},"content":{"rendered":"<p style=\"text-align: justify;\">O almirante Fl\u00e1vio Augusto Viana Rocha foi nomeado interinamente para o cargo de secret\u00e1rio Especial de Comunica\u00e7\u00e3o Social. O militar substitui Fabio Wajngarten e acumular\u00e1 a fun\u00e7\u00e3o com a de secret\u00e1rio Especial de Assuntos Estrat\u00e9gicos.<\/p>\n<p style=\"text-align: justify;\">A SECOM permanecer\u00e1 vinculada ao Minist\u00e9rio das Comunica\u00e7\u00f5es e ter\u00e1 a miss\u00e3o de rever a estrat\u00e9gia de comunica\u00e7\u00e3o do governo junto \u00e0 imprensa e direcionar esfor\u00e7os para uma publicidade efetiva em meio COVID-19.<\/p>\n<p style=\"text-align: justify;\"><strong>Quem \u00e9 Fl\u00e1vio Rocha<\/strong><\/p>\n<p style=\"text-align: justify;\">&#8220;Rochinha&#8221;, como \u00e9 chamado pelos mais pr\u00f3ximos, comandou o 1\u00ba Distrito Naval no Rio de Janeiro, quando assumiu o papel de ajudar na coordena\u00e7\u00e3o das a\u00e7\u00f5es do governo. Conhecido pelo perfil conciliador e de gest\u00e3o de crises, tem bom tr\u00e2nsito no Congresso, com apoiadores do presidente e com ministros do Supremo Tribunal Federal.<\/p>\n<p style=\"text-align: justify;\">Assumiu a Secretaria Especial de Assuntos Estrat\u00e9gicos em 2020, respons\u00e1vel pelo planejamento.<\/p>\n<p>&nbsp;<\/p>\n<p>Fonte: ABERT<\/p>\n","protected":false},"excerpt":{"rendered":"<p>O almirante Fl\u00e1vio Augusto Viana Rocha foi nomeado interinamente para&hellip;<\/p>\n<p> <a class=\"more-link\" href=\"https:\/\/sertsc.org.br\/site\/almirante-flavio-rocha-assume-secom-interinamente\/\">Leia mais<\/a><\/p>\n","protected":false},"author":1,"featured_media":14838,"comment_status":"open","ping_status":"open","sticky":false,"template":"","format":"standard","meta":{"footnotes":""},"categories":[3],"tags":[],"class_list":{"0":"post-14837","1":"post","2":"type-post","3":"status-publish","4":"format-standard","5":"has-post-thumbnail","7":"category-noticias"},"_links":{"self":[{"href":"https:\/\/sertsc.org.br\/site\/wp-json\/wp\/v2\/posts\/14837","targetHints":{"allow":["GET"]}}],"collection":[{"href":"https:\/\/sertsc.org.br\/site\/wp-json\/wp\/v2\/posts"}],"about":[{"href":"https:\/\/sertsc.org.br\/site\/wp-json\/wp\/v2\/types\/post"}],"author":[{"embeddable":true,"href":"https:\/\/sertsc.org.br\/site\/wp-json\/wp\/v2\/users\/1"}],"replies":[{"embeddable":true,"href":"https:\/\/sertsc.org.br\/site\/wp-json\/wp\/v2\/comments?post=14837"}],"version-history":[{"count":0,"href":"https:\/\/sertsc.org.br\/site\/wp-json\/wp\/v2\/posts\/14837\/revisions"}],"wp:featuredmedia":[{"embeddable":true,"href":"https:\/\/sertsc.org.br\/site\/wp-json\/"}],"wp:attachment":[{"href":"https:\/\/sertsc.org.br\/site\/wp-json\/wp\/v2\/media?parent=14837"}],"wp:term":[{"taxonomy":"category","embeddable":true,"href":"https:\/\/sertsc.org.br\/site\/wp-json\/wp\/v2\/categories?post=14837"},{"taxonomy":"post_tag","embeddable":true,"href":"https:\/\/sertsc.org.br\/site\/wp-json\/wp\/v2\/tags?post=14837"}],"curies":[{"name":"wp","href":"https:\/\/api.w.org\/{rel}","templated":true}]}}