{"id":14824,"date":"2021-03-10T10:35:03","date_gmt":"2021-03-10T13:35:03","guid":{"rendered":"https:\/\/www.sertsc.org.br\/site\/?p=14824"},"modified":"2021-03-10T10:35:03","modified_gmt":"2021-03-10T13:35:03","slug":"radio-digital-vem-registrando-rapido-crescimento-na-suica-pais-encaminha-transicao-para-o-dab","status":"publish","type":"post","link":"https:\/\/sertsc.org.br\/site\/radio-digital-vem-registrando-rapido-crescimento-na-suica-pais-encaminha-transicao-para-o-dab\/","title":{"rendered":"R\u00e1dio Digital v\u00eam registrando r\u00e1pido crescimento na Su\u00ed\u00e7a. Pa\u00eds encaminha transi\u00e7\u00e3o para o DAB+"},"content":{"rendered":"<p style=\"text-align: justify;\">A Su\u00ed\u00e7a vem registrando r\u00e1pido crescimento na migra\u00e7\u00e3o para o r\u00e1dio digital. Ainda de acordo com o OFCOM, o Escrit\u00f3rio Federal de Comunica\u00e7\u00f5es da Su\u00ed\u00e7a, a tecnologia DAB + \u00e9 agora o m\u00e9todo de recep\u00e7\u00e3o de r\u00e1dio mais usado no pa\u00eds. O pa\u00eds europeu planeja o desligamento do FM anal\u00f3gico para a partir do pr\u00f3ximo ano. Transmiss\u00e3o terrestre de r\u00e1dio poder\u00e1 ser toda digital a partir de 2023.<\/p>\n<p style=\"text-align: justify;\">O r\u00e1dio digital vem sendo amplamente adotado em diversos pa\u00edses, assim como ocorre na Su\u00ed\u00e7a, pa\u00eds onde a audi\u00eancia tem sido bastante adepta \u00e0 tecnologia. OFCOM, o Escrit\u00f3rio Federal de Comunica\u00e7\u00f5es da Su\u00ed\u00e7a, afirma que DAB + \u00e9 agora o m\u00e9todo de recep\u00e7\u00e3o de r\u00e1dio mais usado no pa\u00eds e que apenas uma em cada oito pessoas afirma que ainda sintoniza exclusivamente r\u00e1dio FM.<\/p>\n<p style=\"text-align: justify;\">&#8220;No outono de 2020, os ouvintes de r\u00e1dio receberam uma m\u00e9dia de 73 de 100 minutos de r\u00e1dio por dia por meio digital. O uso de r\u00e1dio digital, portanto, aumentou 24 pontos percentuais nos \u00faltimos cinco anos&#8221;, disse, citando um relat\u00f3rio do grupo de trabalho de migra\u00e7\u00e3o digital na Swiss Broadcasting Corp. GfK Annual Meeting.<\/p>\n<p style=\"text-align: justify;\">&#8220;Com 41 por cento, DAB + \u00e9 o modo de recep\u00e7\u00e3o mais utilizado em todas as partes do pa\u00eds e em todas as faixas et\u00e1rias. O uso por meio dos outros dois canais de recep\u00e7\u00e3o digital, r\u00e1dio na Internet e TV digital, permaneceu praticamente constante, estabilizando em 32 por cento, enquanto o uso de FM caiu 24 pontos percentuais nos \u00faltimos cinco anos, e agora est\u00e1 em 27 por cento. Apenas 12 em cada 100 pessoas afirmaram que ainda ouvem r\u00e1dio FM.&#8221;<\/p>\n<p style=\"text-align: justify;\">A ind\u00fastria de r\u00e1dio da Su\u00ed\u00e7a mudar\u00e1 totalmente da transmiss\u00e3o FM para a transmiss\u00e3o digital via DAB + em 2022 e 2023. Apesar disso, as emissoras s\u00f3 deixar\u00e3o o anal\u00f3gico quando n\u00e3o houver relev\u00e2ncia na faixa.<\/p>\n<p style=\"text-align: justify;\"><strong><a href=\"https:\/\/tudoradio.com\/noticias\/ver\/24491-tendencias-worlddab-2020-destaca-os-avancos-do-radio-digital-e-projeta-proximos-passos\">O r\u00e1dio digital no formato DAB + continua em destaque na ind\u00fastria devido aos seus avan\u00e7os recentes na ades\u00e3o\u00a0<\/a><\/strong>e uso da tecnologia, projetando agora os pr\u00f3ximos passos para o mercado. O assunto foi tratado durante a primeira edi\u00e7\u00e3o virtual do WorldDAB, confer\u00eancia que foi acompanhada por 200 participantes e contou com mais de 50 palestrantes.<\/p>\n<p style=\"text-align: justify;\" data-fetch=\"true\">O<strong><a href=\"https:\/\/tudoradio.com\/noticias\/ver\/24249-o-radio-hoje-worlddab-divulga-relatorio-que-mostra-o-avanco-do-radio-digital-na-europa-e-australia-reino-unido-e-noruega-lideram-na-adesao\">\u00a0r\u00e1dio digital tem registrado avan\u00e7o em pa\u00edses europeus e tamb\u00e9m na Austr\u00e1lia<\/a><\/strong>, onde a tecnologia j\u00e1 se encontra presente. \u00c9 o que aponta um levantamento feito pela WorldDAB, o qual mostrou que o r\u00e1dio digital DAB+ continua avan\u00e7ando em alcance e uso.<\/p>\n<p style=\"text-align: justify;\" data-fetch=\"true\">\n<p style=\"text-align: justify;\" data-fetch=\"true\">Fonte: Tudor\u00e1dio<\/p>\n","protected":false},"excerpt":{"rendered":"<p>A Su\u00ed\u00e7a vem registrando r\u00e1pido crescimento na migra\u00e7\u00e3o para o&hellip;<\/p>\n<p> <a class=\"more-link\" href=\"https:\/\/sertsc.org.br\/site\/radio-digital-vem-registrando-rapido-crescimento-na-suica-pais-encaminha-transicao-para-o-dab\/\">Leia mais<\/a><\/p>\n","protected":false},"author":1,"featured_media":14825,"comment_status":"open","ping_status":"open","sticky":false,"template":"","format":"standard","meta":{"footnotes":""},"categories":[3],"tags":[],"class_list":{"0":"post-14824","1":"post","2":"type-post","3":"status-publish","4":"format-standard","5":"has-post-thumbnail","7":"category-noticias"},"_links":{"self":[{"href":"https:\/\/sertsc.org.br\/site\/wp-json\/wp\/v2\/posts\/14824","targetHints":{"allow":["GET"]}}],"collection":[{"href":"https:\/\/sertsc.org.br\/site\/wp-json\/wp\/v2\/posts"}],"about":[{"href":"https:\/\/sertsc.org.br\/site\/wp-json\/wp\/v2\/types\/post"}],"author":[{"embeddable":true,"href":"https:\/\/sertsc.org.br\/site\/wp-json\/wp\/v2\/users\/1"}],"replies":[{"embeddable":true,"href":"https:\/\/sertsc.org.br\/site\/wp-json\/wp\/v2\/comments?post=14824"}],"version-history":[{"count":0,"href":"https:\/\/sertsc.org.br\/site\/wp-json\/wp\/v2\/posts\/14824\/revisions"}],"wp:featuredmedia":[{"embeddable":true,"href":"https:\/\/sertsc.org.br\/site\/wp-json\/"}],"wp:attachment":[{"href":"https:\/\/sertsc.org.br\/site\/wp-json\/wp\/v2\/media?parent=14824"}],"wp:term":[{"taxonomy":"category","embeddable":true,"href":"https:\/\/sertsc.org.br\/site\/wp-json\/wp\/v2\/categories?post=14824"},{"taxonomy":"post_tag","embeddable":true,"href":"https:\/\/sertsc.org.br\/site\/wp-json\/wp\/v2\/tags?post=14824"}],"curies":[{"name":"wp","href":"https:\/\/api.w.org\/{rel}","templated":true}]}}