{"id":14816,"date":"2021-03-10T09:05:28","date_gmt":"2021-03-10T12:05:28","guid":{"rendered":"https:\/\/www.sertsc.org.br\/site\/?p=14816"},"modified":"2021-03-10T09:05:28","modified_gmt":"2021-03-10T12:05:28","slug":"anpd-publica-regimento-interno","status":"publish","type":"post","link":"https:\/\/sertsc.org.br\/site\/anpd-publica-regimento-interno\/","title":{"rendered":"ANPD publica regimento interno"},"content":{"rendered":"<p style=\"text-align: justify;\">A Autoridade Nacional de Prote\u00e7\u00e3o de Dados (ANPD) publicou nesta ter\u00e7a-feira, 9, seu\u00a0<a href=\"https:\/\/www.in.gov.br\/en\/web\/dou\/-\/portaria-n-1-de-8-de-marco-de-2021-307463618\" target=\"_blank\" rel=\"noreferrer noopener nofollow external\" data-wpel-link=\"external\">Regimento Interno no Di\u00e1rio Oficial da Uni\u00e3o. (DOU)<\/a>. Ao todo, a entidade conta com 14 unidades internas, contando com o Conselho Diretor, \u00f3rg\u00e3o consultivo e \u00f3rg\u00e3os seccionais.<\/p>\n<p style=\"text-align: justify;\">Uma das coordena\u00e7\u00f5es chave da entidade \u00e9 a Coordena\u00e7\u00e3o-Geral de Normatiza\u00e7\u00e3o, ocupada por Isabela Maiolino. Caber\u00e1 a ela, por exemplo, propor as diretrizes para a Pol\u00edtica Nacional de Prote\u00e7\u00e3o de Dados Pessoais e da Privacidade e elaborar guias e recomenda\u00e7\u00f5es, assim como proposi\u00e7\u00f5es normativas, orienta\u00e7\u00f5es e procedimentos simplificados a serem submetidas \u00e0 aprova\u00e7\u00e3o pelo Conselho Diretor, tendo como ponto de partida a\u00a0<a href=\"http:\/\/www.planalto.gov.br\/ccivil_03\/_ato2015-2018\/2018\/lei\/L13709.htm\" target=\"_blank\" rel=\"noreferrer noopener nofollow external\" data-wpel-link=\"external\">Lei Geral de Prote\u00e7\u00e3o de Dados (LGPD)<\/a>. Al\u00e9m disso, essa coordena\u00e7\u00e3o ter\u00e1 a tarefa de propor adequa\u00e7\u00f5es legislativas e opinar sobre proposi\u00e7\u00f5es legislativas em tramita\u00e7\u00e3o no Congresso Nacional quando o assunto for prote\u00e7\u00e3o dados e aspectos da LGPD.<\/p>\n<p style=\"text-align: justify;\">As a\u00e7\u00f5es de fiscaliza\u00e7\u00f5es ficar\u00e3o por conta Coordena\u00e7\u00e3o-Geral de Fiscaliza\u00e7\u00e3o, que est\u00e1 sob o comando de Denise Montalv\u00e3o. A coordena\u00e7\u00e3o ser\u00e1 a respons\u00e1vel pelas aplica\u00e7\u00f5es das san\u00e7\u00f5es administrativas, como multas, advert\u00eancias e at\u00e9 bloqueios previstas no art. 52 da LGPD. O regimento garante que esta coordena\u00e7\u00e3o dever\u00e1 sempre aplicar tais medidas mediante processo administrativo que assegure o contradit\u00f3rio, a ampla defesa e o direito de recurso.\u00a0<a href=\"https:\/\/teletime.com.br\/14\/05\/2020\/camara-aprova-adiamento-das-sancoes-da-lgpd-para-agosto-de-2021\/\" target=\"_blank\" rel=\"noreferrer noopener follow\" data-wpel-link=\"internal\">As san\u00e7\u00f5es previstas na LGPD s\u00f3 poder\u00e3o ser aplicadas a partir de agosto de 2021.<\/a><\/p>\n<p style=\"text-align: justify;\">Esta coordena\u00e7\u00e3o tamb\u00e9m ser\u00e1 a respons\u00e1vel por proferir decis\u00e3o em primeira inst\u00e2ncia nos processos administrativos sancionadores da ANPD e realizar as medidas de fiscaliza\u00e7\u00e3o sobre as a\u00e7\u00f5es de tratamento de dados pessoais efetuadas pelos agentes de tratamento, inclu\u00eddo o Poder P\u00fablico.<\/p>\n<p>&nbsp;<\/p>\n<p>Fonte: Teletime<\/p>\n","protected":false},"excerpt":{"rendered":"<p>A Autoridade Nacional de Prote\u00e7\u00e3o de Dados (ANPD) publicou nesta&hellip;<\/p>\n<p> <a class=\"more-link\" href=\"https:\/\/sertsc.org.br\/site\/anpd-publica-regimento-interno\/\">Leia mais<\/a><\/p>\n","protected":false},"author":1,"featured_media":14817,"comment_status":"open","ping_status":"open","sticky":false,"template":"","format":"standard","meta":{"footnotes":""},"categories":[3],"tags":[],"class_list":{"0":"post-14816","1":"post","2":"type-post","3":"status-publish","4":"format-standard","5":"has-post-thumbnail","7":"category-noticias"},"_links":{"self":[{"href":"https:\/\/sertsc.org.br\/site\/wp-json\/wp\/v2\/posts\/14816","targetHints":{"allow":["GET"]}}],"collection":[{"href":"https:\/\/sertsc.org.br\/site\/wp-json\/wp\/v2\/posts"}],"about":[{"href":"https:\/\/sertsc.org.br\/site\/wp-json\/wp\/v2\/types\/post"}],"author":[{"embeddable":true,"href":"https:\/\/sertsc.org.br\/site\/wp-json\/wp\/v2\/users\/1"}],"replies":[{"embeddable":true,"href":"https:\/\/sertsc.org.br\/site\/wp-json\/wp\/v2\/comments?post=14816"}],"version-history":[{"count":0,"href":"https:\/\/sertsc.org.br\/site\/wp-json\/wp\/v2\/posts\/14816\/revisions"}],"wp:featuredmedia":[{"embeddable":true,"href":"https:\/\/sertsc.org.br\/site\/wp-json\/"}],"wp:attachment":[{"href":"https:\/\/sertsc.org.br\/site\/wp-json\/wp\/v2\/media?parent=14816"}],"wp:term":[{"taxonomy":"category","embeddable":true,"href":"https:\/\/sertsc.org.br\/site\/wp-json\/wp\/v2\/categories?post=14816"},{"taxonomy":"post_tag","embeddable":true,"href":"https:\/\/sertsc.org.br\/site\/wp-json\/wp\/v2\/tags?post=14816"}],"curies":[{"name":"wp","href":"https:\/\/api.w.org\/{rel}","templated":true}]}}