{"id":14758,"date":"2021-03-05T09:15:15","date_gmt":"2021-03-05T12:15:15","guid":{"rendered":"https:\/\/www.sertsc.org.br\/site\/?p=14758"},"modified":"2021-03-05T09:15:15","modified_gmt":"2021-03-05T12:15:15","slug":"nunca-se-consumiu-tanto-video-como-em-2020-aponta-kantar-ibope","status":"publish","type":"post","link":"https:\/\/sertsc.org.br\/site\/nunca-se-consumiu-tanto-video-como-em-2020-aponta-kantar-ibope\/","title":{"rendered":"Nunca se consumiu tanto v\u00eddeo como em 2020, aponta Kantar Ibope"},"content":{"rendered":"<p style=\"text-align: justify;\">A Kantar Ibope apresentou nesta quinta, 4, estudo sobre o consumo de v\u00eddeo em 2020, o Inside Video. Em evento virtual, Adriana F\u00e1varo, diretora de Desenvolvimento de Neg\u00f3cios da Kantar Ibope, disse que &#8220;nunca consumimos tanto conte\u00fado em v\u00eddeo como no ano que passou&#8221;. O aumento no consumo, explica a executiva, n\u00e3o \u00e9 reflexo apenas da pandemia de Covid-19, mas tamb\u00e9m de um crescimento da oferta de servi\u00e7os de v\u00eddeo, bem como da qualidade da TV brasileira e a evolu\u00e7\u00e3o tecnol\u00f3gica (posse de smart TVs dobrou de 2018 para 2020).<\/p>\n<p style=\"text-align: justify;\">Em 2020, cada pessoa passou cerca de 37 minutos a mais com a TV ligada, em rela\u00e7\u00e3o a 2019, chegando a 7h09 di\u00e1rias. O aumento do tempo de consumo de TV levou a recordes de audi\u00eancia. Segundo o levantamento, 38 das 50 maiores audi\u00eancias dos \u00faltimos cinco anos foram registradas no ano passado, concorrendo com eventos importantes realizados em outros anos, como Copa do Mundo e Olimp\u00edada.<\/p>\n<p style=\"text-align: justify;\"><strong>Online<\/strong><\/p>\n<p style=\"text-align: justify;\">O consumo de v\u00eddeo online cresceu 84% nos \u00faltimos tr\u00eas anos, sendo que, em 2020, 61% dos domic\u00edlios brasileiros consumiu v\u00eddeo online, de acordo com o estudo. Diariamente, cada usu\u00e1rio de servi\u00e7os de VOD pagos passam 1h49, em m\u00e9dia, assistindo a esses servi\u00e7os.<\/p>\n<p style=\"text-align: justify;\">Outro dado importante apresentado pelo levantamento \u00e9 que os assinantes de servi\u00e7os VOD n\u00e3o s\u00e3o clientes fieis. Apenas 8% das pessoas ouvidas pela Kantar Ibope no Brasil apontam que n\u00e3o cancelariam o servi\u00e7o de streaming que assinam. O principal fator que levaria ao cancelamento, apontado por 73%, \u00e9 o pre\u00e7o; seguido de restri\u00e7\u00e3o de or\u00e7amento, para 37%; e inclus\u00e3o de publicidade, para 24%.<\/p>\n<p style=\"text-align: justify;\">Seguindo a mesma tend\u00eancia, para assinar um novo servi\u00e7o, o mais chamaria aten\u00e7\u00e3o dos consumidores ouvidos \u00e9 o pre\u00e7o mais baixo, para 49%. Ter mais tempo para consumir conte\u00fado e melhor conectividade e infraestrutura para consumir tamb\u00e9m s\u00e3o pontos chave, alegados por 19% e 17%, respectivamente. Um quarto dos ouvidos disse que nada levaria a assinar um servi\u00e7o de v\u00eddeo hoje.<\/p>\n<p style=\"text-align: justify;\"><strong>M\u00e9trica avan\u00e7ada<\/strong><\/p>\n<p style=\"text-align: justify;\">No mesmo evento, Melissa Vogel, CEO da Kantar Ibope, apresentou a\u00a0<a href=\"https:\/\/telaviva.com.br\/04\/03\/2021\/kantar-ibope-medira-consumo-de-streaming-em-sua-amostra-de-audiencia-de-tv\/\" target=\"_blank\" rel=\"noopener noreferrer\">solu\u00e7\u00e3o para medir a audi\u00eancia de conte\u00fado em streaming em sua base de audi\u00eancia de TV<\/a>.<\/p>\n<p>&nbsp;<\/p>\n<p>Fonte: TelaViva<\/p>\n","protected":false},"excerpt":{"rendered":"<p>A Kantar Ibope apresentou nesta quinta, 4, estudo sobre o&hellip;<\/p>\n<p> <a class=\"more-link\" href=\"https:\/\/sertsc.org.br\/site\/nunca-se-consumiu-tanto-video-como-em-2020-aponta-kantar-ibope\/\">Leia mais<\/a><\/p>\n","protected":false},"author":1,"featured_media":14759,"comment_status":"open","ping_status":"open","sticky":false,"template":"","format":"standard","meta":{"footnotes":""},"categories":[3],"tags":[],"class_list":{"0":"post-14758","1":"post","2":"type-post","3":"status-publish","4":"format-standard","5":"has-post-thumbnail","7":"category-noticias"},"_links":{"self":[{"href":"https:\/\/sertsc.org.br\/site\/wp-json\/wp\/v2\/posts\/14758","targetHints":{"allow":["GET"]}}],"collection":[{"href":"https:\/\/sertsc.org.br\/site\/wp-json\/wp\/v2\/posts"}],"about":[{"href":"https:\/\/sertsc.org.br\/site\/wp-json\/wp\/v2\/types\/post"}],"author":[{"embeddable":true,"href":"https:\/\/sertsc.org.br\/site\/wp-json\/wp\/v2\/users\/1"}],"replies":[{"embeddable":true,"href":"https:\/\/sertsc.org.br\/site\/wp-json\/wp\/v2\/comments?post=14758"}],"version-history":[{"count":0,"href":"https:\/\/sertsc.org.br\/site\/wp-json\/wp\/v2\/posts\/14758\/revisions"}],"wp:featuredmedia":[{"embeddable":true,"href":"https:\/\/sertsc.org.br\/site\/wp-json\/"}],"wp:attachment":[{"href":"https:\/\/sertsc.org.br\/site\/wp-json\/wp\/v2\/media?parent=14758"}],"wp:term":[{"taxonomy":"category","embeddable":true,"href":"https:\/\/sertsc.org.br\/site\/wp-json\/wp\/v2\/categories?post=14758"},{"taxonomy":"post_tag","embeddable":true,"href":"https:\/\/sertsc.org.br\/site\/wp-json\/wp\/v2\/tags?post=14758"}],"curies":[{"name":"wp","href":"https:\/\/api.w.org\/{rel}","templated":true}]}}