{"id":14755,"date":"2021-03-05T09:09:58","date_gmt":"2021-03-05T12:09:58","guid":{"rendered":"https:\/\/www.sertsc.org.br\/site\/?p=14755"},"modified":"2021-03-05T09:09:58","modified_gmt":"2021-03-05T12:09:58","slug":"kantar-ibope-medira-consumo-de-streaming-em-sua-amostra-de-audiencia-de-tv","status":"publish","type":"post","link":"https:\/\/sertsc.org.br\/site\/kantar-ibope-medira-consumo-de-streaming-em-sua-amostra-de-audiencia-de-tv\/","title":{"rendered":"Kantar Ibope medir\u00e1 consumo de streaming em sua amostra de audi\u00eancia de TV"},"content":{"rendered":"<p style=\"text-align: justify;\">A Kantar Ibope prepara um Painel 2.0 de audi\u00eancia de v\u00eddeo nas resid\u00eancias. A CEO da empresa, Melissa Vogel, apresentou em evento virtual realizado nesta quinta, 4, a nova tecnologia de audi\u00eancia que come\u00e7a a ser instalada no terceiro trimestre, o Focal Meter (na foto acima).\u00a0<a href=\"https:\/\/telaviva.com.br\/04\/03\/2021\/nunca-se-consumiu-tanto-video-como-em-2020-aponta-kantar-ibope\/\" target=\"_blank\" rel=\"noreferrer noopener\">Tamb\u00e9m foram apresentados dados sobre o consumo de v\u00eddeo em 2020 no Brasil<\/a>.<\/p>\n<div class=\"wp-block-image\" style=\"text-align: justify;\">\n<figure class=\"alignleft size-large is-resized\"><img decoding=\"async\" class=\"wp-image-346316 jetpack-lazy-image jetpack-lazy-image--handled\" src=\"https:\/\/i0.wp.com\/telaviva.com.br\/wp-content\/uploads\/2019\/07\/MG_0740.jpg?resize=242%2C160&amp;ssl=1\" sizes=\"(max-width: 242px) 100vw, 242px\" srcset=\"https:\/\/i1.wp.com\/telaviva.com.br\/wp-content\/uploads\/2019\/07\/MG_0740-scaled.jpg?resize=1024%2C683&amp;ssl=1 1024w, https:\/\/i1.wp.com\/telaviva.com.br\/wp-content\/uploads\/2019\/07\/MG_0740-scaled.jpg?resize=300%2C200&amp;ssl=1 300w, https:\/\/i1.wp.com\/telaviva.com.br\/wp-content\/uploads\/2019\/07\/MG_0740-scaled.jpg?resize=768%2C512&amp;ssl=1 768w, https:\/\/i1.wp.com\/telaviva.com.br\/wp-content\/uploads\/2019\/07\/MG_0740-scaled.jpg?resize=1536%2C1024&amp;ssl=1 1536w, https:\/\/i1.wp.com\/telaviva.com.br\/wp-content\/uploads\/2019\/07\/MG_0740-scaled.jpg?resize=2048%2C1366&amp;ssl=1 2048w, https:\/\/i1.wp.com\/telaviva.com.br\/wp-content\/uploads\/2019\/07\/MG_0740-scaled.jpg?resize=450%2C300&amp;ssl=1 450w, https:\/\/i1.wp.com\/telaviva.com.br\/wp-content\/uploads\/2019\/07\/MG_0740-scaled.jpg?resize=80%2C53&amp;ssl=1 80w, https:\/\/i1.wp.com\/telaviva.com.br\/wp-content\/uploads\/2019\/07\/MG_0740-scaled.jpg?resize=150%2C100&amp;ssl=1 150w, https:\/\/i1.wp.com\/telaviva.com.br\/wp-content\/uploads\/2019\/07\/MG_0740-scaled.jpg?resize=75%2C50&amp;ssl=1 75w, https:\/\/i1.wp.com\/telaviva.com.br\/wp-content\/uploads\/2019\/07\/MG_0740-scaled.jpg?resize=130%2C87&amp;ssl=1 130w, https:\/\/i1.wp.com\/telaviva.com.br\/wp-content\/uploads\/2019\/07\/MG_0740-scaled.jpg?resize=90%2C60&amp;ssl=1 90w\" alt=\"\" width=\"242\" height=\"160\" data-recalc-dims=\"1\" data-lazy-loaded=\"1\" \/><figcaption>Melissa Vogel, CEO da Kantar Ibope<\/figcaption><\/figure>\n<\/div>\n<p style=\"text-align: justify;\">O equipamento, conectado ao roteador do lar, ser\u00e1 capaz de mensurar o consumo de v\u00eddeo na rede de banda larga da fam\u00edlia, podendo distinguir qual servi\u00e7o de v\u00eddeo est\u00e1 sendo acessado e at\u00e9 qual conte\u00fado est\u00e1 sendo assistido. Atualmente, na medi\u00e7\u00e3o com o People Meter, o instituto consegue apenas identificar se o televisor est\u00e1 sendo usado para streaming, sem distin\u00e7\u00e3o de servi\u00e7o e conte\u00fado. O novo equipamento tamb\u00e9m amplia a mensura\u00e7\u00e3o para todos os dispositivos conectados do lar, e n\u00e3o apenas o televisor.<\/p>\n<p style=\"text-align: justify;\">Segundo Vogel, a Kantar Ibope ouvir\u00e1 o mercado para identificar os par\u00e2metros que dever\u00e3o ser auferidos, para ent\u00e3o lan\u00e7ar o novo Painel Single Source, o que deve acontecer at\u00e9 o final deste ano. At\u00e9 l\u00e1, a expectativa \u00e9 que o Focal Meter j\u00e1 esteja instalado em todos os lares com banda larga na amostra que j\u00e1 faz parte do Painel Nacional de Televis\u00e3o nas 15 principais regi\u00f5es metropolitanas do Brasil. O novo equipamento se somar\u00e1 ao People Meter nestas casas.<\/p>\n<p style=\"text-align: justify;\">Com o equipamento, a Kantar Ibope poder\u00e1 lan\u00e7ar novos servi\u00e7os. Um j\u00e1 previsto \u00e9 o Artemis, destinado ao mercado publicit\u00e1rio. O servi\u00e7o verificar\u00e1 o alcance de campanhas multiplataformas, podendo identificar os pontos de contato com a audi\u00eancia impactada.<\/p>\n<div class=\"at-below-post addthis_tool\" data-url=\"https:\/\/telaviva.com.br\/04\/03\/2021\/kantar-ibope-medira-consumo-de-streaming-em-sua-amostra-de-audiencia-de-tv\/\" data-title=\"Kantar Ibope medir\u00e1 consumo de streaming em sua amostra de audi\u00eancia de TV - TELA VIVA News\" data-description=\"Com Focal Meter - que come\u00e7a a ser instalado em abril e atingir\u00e1 toda a base com banda larga dos 6,6 mil lares mapeados hoje - empresa poder\u00e1 auferir audi\u00eancia por servi\u00e7o e por conte\u00fado assistido\">\n<div id=\"atstbx\" class=\"at-resp-share-element at-style-responsive addthis-smartlayers addthis-animated at4-show\" style=\"text-align: justify;\" role=\"region\" aria-labelledby=\"at-78e92e26-8f72-4ac6-82e1-7919800c4573\">Fonte: TelaViva<\/div>\n<\/div>\n","protected":false},"excerpt":{"rendered":"<p>A Kantar Ibope prepara um Painel 2.0 de audi\u00eancia de&hellip;<\/p>\n<p> <a class=\"more-link\" href=\"https:\/\/sertsc.org.br\/site\/kantar-ibope-medira-consumo-de-streaming-em-sua-amostra-de-audiencia-de-tv\/\">Leia mais<\/a><\/p>\n","protected":false},"author":1,"featured_media":14756,"comment_status":"open","ping_status":"open","sticky":false,"template":"","format":"standard","meta":{"footnotes":""},"categories":[3],"tags":[],"class_list":{"0":"post-14755","1":"post","2":"type-post","3":"status-publish","4":"format-standard","5":"has-post-thumbnail","7":"category-noticias"},"_links":{"self":[{"href":"https:\/\/sertsc.org.br\/site\/wp-json\/wp\/v2\/posts\/14755","targetHints":{"allow":["GET"]}}],"collection":[{"href":"https:\/\/sertsc.org.br\/site\/wp-json\/wp\/v2\/posts"}],"about":[{"href":"https:\/\/sertsc.org.br\/site\/wp-json\/wp\/v2\/types\/post"}],"author":[{"embeddable":true,"href":"https:\/\/sertsc.org.br\/site\/wp-json\/wp\/v2\/users\/1"}],"replies":[{"embeddable":true,"href":"https:\/\/sertsc.org.br\/site\/wp-json\/wp\/v2\/comments?post=14755"}],"version-history":[{"count":0,"href":"https:\/\/sertsc.org.br\/site\/wp-json\/wp\/v2\/posts\/14755\/revisions"}],"wp:featuredmedia":[{"embeddable":true,"href":"https:\/\/sertsc.org.br\/site\/wp-json\/"}],"wp:attachment":[{"href":"https:\/\/sertsc.org.br\/site\/wp-json\/wp\/v2\/media?parent=14755"}],"wp:term":[{"taxonomy":"category","embeddable":true,"href":"https:\/\/sertsc.org.br\/site\/wp-json\/wp\/v2\/categories?post=14755"},{"taxonomy":"post_tag","embeddable":true,"href":"https:\/\/sertsc.org.br\/site\/wp-json\/wp\/v2\/tags?post=14755"}],"curies":[{"name":"wp","href":"https:\/\/api.w.org\/{rel}","templated":true}]}}