{"id":14752,"date":"2021-03-05T08:53:37","date_gmt":"2021-03-05T11:53:37","guid":{"rendered":"https:\/\/www.sertsc.org.br\/site\/?p=14752"},"modified":"2021-03-05T08:53:37","modified_gmt":"2021-03-05T11:53:37","slug":"share-of-ear-novo-radio-edison-aponta-que-30-de-toda-audicao-de-audio-ocorre-em-dispositivos-moveis","status":"publish","type":"post","link":"https:\/\/sertsc.org.br\/site\/share-of-ear-novo-radio-edison-aponta-que-30-de-toda-audicao-de-audio-ocorre-em-dispositivos-moveis\/","title":{"rendered":"Share of Ear: Novo r\u00e1dio? Edison aponta que 30% de toda audi\u00e7\u00e3o de \u00e1udio ocorre em dispositivos m\u00f3veis"},"content":{"rendered":"<p style=\"text-align: justify;\" data-fetch=\"true\"><em>An\u00e1lise<\/em>\u00a0&#8211; Um recorte do Share of Ear 2020, levantamento especial da Edison Research que mapeia o consumo de \u00e1udio nos Estados Unidos, pode apontar o celular como uma esp\u00e9cie de &#8216;novo r\u00e1dio para o mercado, j\u00e1 que o ve\u00edculo n\u00e3o apresentou mudan\u00e7as em seu alcance (<em><strong>segue acima de 90%<\/strong><\/em>). Segundo o estudo, 30% de todo o tempo gasto ouvindo \u00e1udio por pessoas com mais de 13 anos nos EUA ocorre atrav\u00e9s de um dispositivo m\u00f3vel. Para se ter uma ideia desse avan\u00e7o, em 2014 o volume era de 18%. J\u00e1 o receptor FM\/AM tradicional corresponde pela maior fatia: 35%.<\/p>\n<div class=\"pp-box-adunit pp-ad-loading pp-type-intext\">\n<div class=\"pp-adunit\">\n<div data-premium=\"\" data-adunit=\"TUDO_RADIO_INTEXT_01\" data-sizes-mobile=\"[[336,280],[300,250]]\" data-sizes-desktop=\"[[336,280],[300,250]]\" data-type=\"intext\" data-fetch=\"true\" data-google-query-id=\"CJeu8fyIme8CFZswuQYdrjkKuQ\">\n<p style=\"text-align: justify;\">O levantamento pode gerar uma s\u00e9rie de questionamentos e discuss\u00f5es por possibilitar diferentes interpreta\u00e7\u00f5es. \u00c9 fato que ano ap\u00f3s ano os dispositivos m\u00f3veis ganham em volume no consumo de \u00e1udio, enquanto os receptores de r\u00e1dio AM\/FM diminuem a sua lideran\u00e7a entre todos os aparelhos. E essa diferen\u00e7a chegou ao menor volume hist\u00f3rico em 2020, ano da pandemia do novo coronav\u00edrus.<\/p>\n<p style=\"text-align: justify;\">P\u00e9ssima not\u00edcia para o r\u00e1dio? Depende. O levantamento Share Of Ear lembra que os\u00a0<em><strong>dispositivos m\u00f3veis tamb\u00e9m possibilitam o acesso ao conte\u00fado linear de r\u00e1dio<\/strong><\/em>, seja via streaming ou via FM (a depender do modelo). Outro ponto: os smartphones est\u00e3o possibilitando o r\u00e1pido\u00a0<strong><a href=\"https:\/\/tudoradio.com\/noticias\/ver\/24964-tendencias-audio-digital-contraria-expectativas-negativas-de-2020-e-avanca-83-em-consumo\">crescimento no consumo de plataformas de \u00e1udio<\/a><\/strong>, ou seja, o universo de pessoas ouvindo algo \u00e9 maior do que anos anteriores.<\/p>\n<p style=\"text-align: justify;\">Tamb\u00e9m \u00e9 importante considerar que o recorte \u00e9 relacionado ao consumo norte-americano, mais dependente da audi\u00eancia originada em autom\u00f3veis (onde o receptor FM\/AM \u00e9 mais frequente). Para isso, \u00e9 importante que o r\u00e1dio observe se houve diminui\u00e7\u00e3o significativa em alcance e audi\u00eancia nos seus n\u00fameros, ponto que n\u00e3o foi notado em 2020,\u00a0<strong><a href=\"https:\/\/tudoradio.com\/noticias\/ver\/24310-o-radio-hoje-nielsen-aponta-que-o-radio-norte-americano-ja-recuperou-97-do-seu-alcance-pre-coronavirus\">com o r\u00e1dio retendo mais de 90% de seu alcance\u00a0<\/a><\/strong>mesmo com as mudan\u00e7as impostas pelo coronav\u00edrus. Nos dois anos pr\u00e9-pandemia, com deslocamentos, o share do receptor ficou est\u00e1vel em 41%.<\/p>\n<p style=\"text-align: justify;\" data-fetch=\"true\">&#8220;Os dispositivos m\u00f3veis, particularmente, \u00e9 claro, o telefone, v\u00eam ganhando no receptor de r\u00e1dio tradicional como o principal dispositivo auditivo h\u00e1 tanto tempo que medimos Share of Ear, mas com as interrup\u00e7\u00f5es do ano passado a diferen\u00e7a diminuiu drasticamente&#8221;, fala do presidente da Edison Research, Larry Rosin, em um comunicado e destacado pelo portal norte-americano Inside Radio. &#8220;\u00c0 medida que menos pessoas t\u00eam um receptor de r\u00e1dio padr\u00e3o em suas casas atualmente, naturalmente mais audi\u00e7\u00e3o vem atrav\u00e9s de dispositivos digitais&#8221;, completa o executivo.<\/p>\n<div class=\"pp-box-adunit pp-ad-loading pp-type-intext\">\n<div class=\"pp-adunit\">\n<div class=\"pp-ad\">\n<div id=\"P_TUDO_RADIO_INTEXT_02_0\" data-premium=\"\" data-adunit=\"TUDO_RADIO_INTEXT_02\" data-sizes-mobile=\"[[336,280],[300,250]]\" data-sizes-desktop=\"[[336,280],[300,250]]\" data-type=\"intext\" data-fetch=\"true\" data-google-query-id=\"CMy7gMCJme8CFQEF1AodWbYDOg\">\n<p style=\"text-align: justify;\">O portal Inside Radio, ao repercutir a pesquisa, tamb\u00e9m lembra do cuidado que \u00e9 necess\u00e1rio ao interpretar os dados do Share Of Ear: &#8220;Tenha em mente que essas estat\u00edsticas falam apenas com o dispositivo, n\u00e3o com o produto de \u00e1udio fornecido pelo dispositivo. Dispositivos m\u00f3veis podem fornecer uma ampla gama de produtos de \u00e1udio, incluindo programa\u00e7\u00e3o de esta\u00e7\u00f5es de r\u00e1dio&#8221;, destaca a publica\u00e7\u00e3o, que completa dizendo que &#8220;a empresa de pesquisa diz que s<em><strong>er\u00e1 necess\u00e1ria uma an\u00e1lise de dados adicionais no pr\u00f3ximo ano<\/strong><\/em>\u00a0para ver se esses h\u00e1bitos de \u00e1udio permanecem ap\u00f3s a quarentena&#8221;.<\/p>\n<p style=\"text-align: justify;\">Tamb\u00e9m em crescimento no Brasil, iniciativas como disponibilizar o acesso ao\u00a0<strong><a href=\"https:\/\/tudoradio.com\/colunas\/ver\/488-o-radio-caminha-para-se-consolidar-como-um-meio-hibrido%20%C2%A0\">streaming de \u00e1udio das emissoras<\/a><\/strong>\u00a0atrav\u00e9s de v\u00e1rias aplica\u00e7\u00f5es em smartphones e a inclus\u00e3o do\u00a0<strong><a href=\"https:\/\/tudoradio.com\/noticias\/ver\/24975-abert-prioriza-acoes-em-favor-chip-fm-em-smartphones-associacao-participa-de-evento-sobre-regulacao-do-mercado-de-comunicacao\">chip FM nos celulares<\/a><\/strong>\u00a0tendem assegurar o f\u00e1cil acesso ao conte\u00fado de r\u00e1dio no mercado brasileiro.<\/p>\n<figure style=\"width: 500px\" class=\"wp-caption aligncenter\"><img fetchpriority=\"high\" decoding=\"async\" src=\"https:\/\/tudoradio.com\/img\/uploads\/noticias\/6041aac09f828.jpg\" alt=\"\" width=\"500\" height=\"326\" \/><figcaption class=\"wp-caption-text\">Avan\u00e7o na participa\u00e7\u00e3o dos dispositivos m\u00f3veis no consumo de \u00e1udio nos EUA<\/figcaption><\/figure>\n<p style=\"text-align: justify;\">\n<p style=\"text-align: justify;\">Fonte: Tudor\u00e1dio<\/p>\n<\/div>\n<\/div>\n<\/div>\n<\/div>\n<\/div>\n<\/div>\n<\/div>\n","protected":false},"excerpt":{"rendered":"<p>An\u00e1lise\u00a0&#8211; Um recorte do Share of Ear 2020, levantamento especial&hellip;<\/p>\n<p> <a class=\"more-link\" href=\"https:\/\/sertsc.org.br\/site\/share-of-ear-novo-radio-edison-aponta-que-30-de-toda-audicao-de-audio-ocorre-em-dispositivos-moveis\/\">Leia mais<\/a><\/p>\n","protected":false},"author":1,"featured_media":14753,"comment_status":"open","ping_status":"open","sticky":false,"template":"","format":"standard","meta":{"footnotes":""},"categories":[3],"tags":[],"class_list":{"0":"post-14752","1":"post","2":"type-post","3":"status-publish","4":"format-standard","5":"has-post-thumbnail","7":"category-noticias"},"_links":{"self":[{"href":"https:\/\/sertsc.org.br\/site\/wp-json\/wp\/v2\/posts\/14752","targetHints":{"allow":["GET"]}}],"collection":[{"href":"https:\/\/sertsc.org.br\/site\/wp-json\/wp\/v2\/posts"}],"about":[{"href":"https:\/\/sertsc.org.br\/site\/wp-json\/wp\/v2\/types\/post"}],"author":[{"embeddable":true,"href":"https:\/\/sertsc.org.br\/site\/wp-json\/wp\/v2\/users\/1"}],"replies":[{"embeddable":true,"href":"https:\/\/sertsc.org.br\/site\/wp-json\/wp\/v2\/comments?post=14752"}],"version-history":[{"count":0,"href":"https:\/\/sertsc.org.br\/site\/wp-json\/wp\/v2\/posts\/14752\/revisions"}],"wp:featuredmedia":[{"embeddable":true,"href":"https:\/\/sertsc.org.br\/site\/wp-json\/"}],"wp:attachment":[{"href":"https:\/\/sertsc.org.br\/site\/wp-json\/wp\/v2\/media?parent=14752"}],"wp:term":[{"taxonomy":"category","embeddable":true,"href":"https:\/\/sertsc.org.br\/site\/wp-json\/wp\/v2\/categories?post=14752"},{"taxonomy":"post_tag","embeddable":true,"href":"https:\/\/sertsc.org.br\/site\/wp-json\/wp\/v2\/tags?post=14752"}],"curies":[{"name":"wp","href":"https:\/\/api.w.org\/{rel}","templated":true}]}}