{"id":14742,"date":"2021-03-03T15:32:13","date_gmt":"2021-03-03T18:32:13","guid":{"rendered":"https:\/\/www.sertsc.org.br\/site\/?p=14742"},"modified":"2021-03-03T15:32:13","modified_gmt":"2021-03-03T18:32:13","slug":"acaert-produz-especial-com-emissoras-que-realizaram-a-migracao-am-fm-em-santa-catarina","status":"publish","type":"post","link":"https:\/\/sertsc.org.br\/site\/acaert-produz-especial-com-emissoras-que-realizaram-a-migracao-am-fm-em-santa-catarina\/","title":{"rendered":"ACAERT produz especial com emissoras que realizaram a migra\u00e7\u00e3o AM-FM em Santa Catarina"},"content":{"rendered":"<p style=\"text-align: justify;\">A ACAERT produziu e est\u00e1 divulgando um material especial sobre as experi\u00eancias das emissoras que mantiveram ou alteraram a programa\u00e7\u00e3o no processo de migra\u00e7\u00e3o do AM para o FM. A produ\u00e7\u00e3o foi realizada pela Rede de Not\u00edcias ACAERT (RNA) e est\u00e1 sendo distribu\u00edda pela associa\u00e7\u00e3o por meio de seu site em texto e tamb\u00e9m em \u00e1udio.<\/p>\n<p style=\"text-align: justify;\">A mat\u00e9ria destacou o caso da extinta r\u00e1dio Difusora AM 910 de I\u00e7ara. Ap\u00f3s a adapta\u00e7\u00e3o de sua outorga para o FM, a emissora passou a integrar a rede liderada pela Massa FM 92.9 de S\u00e3o Paulo e est\u00e1 operando como Massa FM 94.5 de Crici\u00fama (cidade vizinha a I\u00e7ara).<\/p>\n<p style=\"text-align: justify;\">\u201cA Rede Massa vem ao encontro do que a gente pensava, porque ela liberava a programa\u00e7\u00e3o local. A programa\u00e7\u00e3o vem com os nomes, vinhetas e com a linha a ser seguida. Mas todos os comunicadores s\u00e3o nossos. Ent\u00e3o, das seis da manh\u00e3 \u00e0s seis da tarde, toda programa\u00e7\u00e3o sai do nosso est\u00fadio. E a play list. Como n\u00f3s somos uma r\u00e1dio sertaneja, a gente segue a play list que vem deles. A ideia da Rede Massa caiu muito bem para n\u00f3s, porque a gente p\u00f4de manter um jornalismo local\u201d, explica a diretora da emissora, Carolina Guidi.<\/p>\n<p style=\"text-align: justify;\">Outra emissora que tamb\u00e9m aparece na segunda parte do especial produzido pela ACAERT \u00e9 a extinta R\u00e1dio Centro Oeste AM 1510 de Pinhalzinho, hoje Centro Oeste FM 100.9. O jornalista Fabiano Ronco, da RCO, afirma que a participa\u00e7\u00e3o do ouvinte foi decisiva. \u201cNo in\u00edcio, n\u00f3s priorizamos mais a m\u00fasica, porque acredit\u00e1vamos que esse era um dos pontos principais que a emissora deveria fortalecer. Mas o nosso ouvinte tradicional, que era acostumado com a not\u00edcia, percebeu essa mudan\u00e7a dr\u00e1stica e sentiu a falta da informa\u00e7\u00e3o. Ent\u00e3o, baseado nas pesquisas e no acompanhamento do ouvinte, conseguimos encontrar o equil\u00edbrio entre a programa\u00e7\u00e3o musical e a jornal\u00edstica\u201d, comentou.<\/p>\n<p style=\"text-align: justify;\" data-fetch=\"true\">Outra emissora que tamb\u00e9m est\u00e1 na segunda parte do especial \u00e9 a R\u00e1dio Cultura FM 93.9 de Campos Novos. A r\u00e1dio foi uma das conclus\u00f5es do trabalho da jornalista Rosely Rossi, de Especializa\u00e7\u00e3o em Comunica\u00e7\u00e3o pela UniCeub, de Bras\u00edlia. Rosely atua na R\u00e1dio Cultura, de Campos Novos, que migrou em outubro de 2017. Segundo a jornalista, o processo levou em conta a opini\u00e3o dos ouvintes e do mercado, necessidade identificada em sua pesquisa. \u201cA interven\u00e7\u00e3o na grade da programa\u00e7\u00e3o da r\u00e1dio foi definida a partir das demandas do p\u00fablico ouvinte. Ouvimos os v\u00e1rios p\u00fablicos da emissora: ouvinte, mercado e o pessoal interno. N\u00f3s fizemos uma campanha de marketing durante a migra\u00e7\u00e3o com o objetivo de explicar que a R\u00e1dio Cultura n\u00e3o estava sendo extinguida\u201d, analisa a jornalista.<\/p>\n<div class=\"pp-box-adunit pp-ad-loading pp-type-intext\" style=\"text-align: justify;\">\n<div class=\"pp-adunit\">\n<div class=\"pp-ad\">\n<div id=\"P_TUDO_RADIO_INTEXT_02_0\" data-premium=\"\" data-adunit=\"TUDO_RADIO_INTEXT_02\" data-sizes-mobile=\"[[336,280],[300,250]]\" data-sizes-desktop=\"[[336,280],[300,250]]\" data-type=\"intext\" data-fetch=\"true\" data-google-query-id=\"CMKGxr3glO8CFbQ0uQYdp7UP4g\">Os materiais produzidos pela RNA sobre a migra\u00e7\u00e3o AM-FM em Santa Catarina pode acessar acessado no link\u00a0<strong><a href=\"https:\/\/www.acaert.com.br\/noticias\/radiodifusao\/migracao-fm\" target=\"_blank\" rel=\"noopener noreferrer\">https:\/\/www.acaert.com.br\/noticias\/radiodifusao\/migracao-fm<\/a><\/strong><\/div>\n<\/div>\n<\/div>\n<\/div>\n<div style=\"text-align: justify;\" data-premium=\"\" data-adunit=\"TUDO_RADIO_INTEXT_02\" data-sizes-mobile=\"[[336,280],[300,250]]\" data-sizes-desktop=\"[[336,280],[300,250]]\" data-type=\"intext\" data-fetch=\"true\" data-google-query-id=\"CMKGxr3glO8CFbQ0uQYdp7UP4g\"><\/div>\n<div style=\"text-align: justify;\" data-premium=\"\" data-adunit=\"TUDO_RADIO_INTEXT_02\" data-sizes-mobile=\"[[336,280],[300,250]]\" data-sizes-desktop=\"[[336,280],[300,250]]\" data-type=\"intext\" data-fetch=\"true\" data-google-query-id=\"CMKGxr3glO8CFbQ0uQYdp7UP4g\">Fonte: Tudor\u00e1dio<\/div>\n","protected":false},"excerpt":{"rendered":"<p>A ACAERT produziu e est\u00e1 divulgando um material especial sobre&hellip;<\/p>\n<p> <a class=\"more-link\" href=\"https:\/\/sertsc.org.br\/site\/acaert-produz-especial-com-emissoras-que-realizaram-a-migracao-am-fm-em-santa-catarina\/\">Leia mais<\/a><\/p>\n","protected":false},"author":1,"featured_media":14072,"comment_status":"open","ping_status":"open","sticky":false,"template":"","format":"standard","meta":{"footnotes":""},"categories":[3],"tags":[],"class_list":{"0":"post-14742","1":"post","2":"type-post","3":"status-publish","4":"format-standard","5":"has-post-thumbnail","7":"category-noticias"},"_links":{"self":[{"href":"https:\/\/sertsc.org.br\/site\/wp-json\/wp\/v2\/posts\/14742","targetHints":{"allow":["GET"]}}],"collection":[{"href":"https:\/\/sertsc.org.br\/site\/wp-json\/wp\/v2\/posts"}],"about":[{"href":"https:\/\/sertsc.org.br\/site\/wp-json\/wp\/v2\/types\/post"}],"author":[{"embeddable":true,"href":"https:\/\/sertsc.org.br\/site\/wp-json\/wp\/v2\/users\/1"}],"replies":[{"embeddable":true,"href":"https:\/\/sertsc.org.br\/site\/wp-json\/wp\/v2\/comments?post=14742"}],"version-history":[{"count":0,"href":"https:\/\/sertsc.org.br\/site\/wp-json\/wp\/v2\/posts\/14742\/revisions"}],"wp:featuredmedia":[{"embeddable":true,"href":"https:\/\/sertsc.org.br\/site\/wp-json\/"}],"wp:attachment":[{"href":"https:\/\/sertsc.org.br\/site\/wp-json\/wp\/v2\/media?parent=14742"}],"wp:term":[{"taxonomy":"category","embeddable":true,"href":"https:\/\/sertsc.org.br\/site\/wp-json\/wp\/v2\/categories?post=14742"},{"taxonomy":"post_tag","embeddable":true,"href":"https:\/\/sertsc.org.br\/site\/wp-json\/wp\/v2\/tags?post=14742"}],"curies":[{"name":"wp","href":"https:\/\/api.w.org\/{rel}","templated":true}]}}