{"id":14726,"date":"2021-03-03T10:37:18","date_gmt":"2021-03-03T13:37:18","guid":{"rendered":"https:\/\/www.sertsc.org.br\/site\/?p=14726"},"modified":"2021-03-03T10:37:18","modified_gmt":"2021-03-03T13:37:18","slug":"anatel-inicia-reavaliacao-das-regras-para-aplicacao-de-recursos-do-fust","status":"publish","type":"post","link":"https:\/\/sertsc.org.br\/site\/anatel-inicia-reavaliacao-das-regras-para-aplicacao-de-recursos-do-fust\/","title":{"rendered":"Anatel inicia reavalia\u00e7\u00e3o das regras para aplica\u00e7\u00e3o de recursos do Fust"},"content":{"rendered":"<p style=\"text-align: justify;\">A Ag\u00eancia Nacional de Telecomunica\u00e7\u00f5es (Anatel) aprovou incluir a &#8220;Reavalia\u00e7\u00e3o da regulamenta\u00e7\u00e3o de operacionaliza\u00e7\u00e3o da aplica\u00e7\u00e3o de recursos do Fundo de Universaliza\u00e7\u00e3o dos Servi\u00e7os de Telecomunica\u00e7\u00f5es \u2013 Fust&#8221; na Agenda Regulat\u00f3ria 2021-2022.<\/p>\n<p style=\"text-align: justify;\">A decis\u00e3o foi tomada de forma un\u00e2nime na reuni\u00e3o do Conselho Diretor realizada quinta-feira (25\/2). Com isso, os recursos do Fundo, que apenas em 2020 arrecadou mais de R$ 900 milh\u00f5es, poder\u00e3o ser investidos na promo\u00e7\u00e3o da banda larga no Pa\u00eds. A previs\u00e3o \u00e9 que a consulta p\u00fablica sobre o tema seja aberta no segundo semestre de 2021 e a nova norma, no primeiro semestre de 2022.<\/p>\n<p style=\"text-align: justify;\">A inclus\u00e3o desse item na Agenda Regulat\u00f3ria faz parte do processo de implementa\u00e7\u00e3o da Lei n\u00ba 14.109\/2020, que disp\u00f5e sobre a finalidade e a destina\u00e7\u00e3o dos recursos do Fust.<\/p>\n<p style=\"text-align: justify;\">Segundo o relator, conselheiro Vicente Aquino, a Lei eliminou a restri\u00e7\u00e3o ao uso de recursos do Fust \u2013 que antes era destinado \u00e0 telefonia fixa e, agora, pode atender \u00e0 demanda por outros servi\u00e7os de telecomunica\u00e7\u00f5es, como a banda larga.<\/p>\n<p style=\"text-align: justify;\">O Fundo \u00e9 composto pela cobran\u00e7a de 1% da receita operacional bruta das prestadoras de servi\u00e7os de telecomunica\u00e7\u00f5es, deduzidos impostos.<\/p>\n<p>&nbsp;<\/p>\n<p>&nbsp;<\/p>\n<p>Fonte: JusBrasil<\/p>\n","protected":false},"excerpt":{"rendered":"<p>A Ag\u00eancia Nacional de Telecomunica\u00e7\u00f5es (Anatel) aprovou incluir a &#8220;Reavalia\u00e7\u00e3o&hellip;<\/p>\n<p> <a class=\"more-link\" href=\"https:\/\/sertsc.org.br\/site\/anatel-inicia-reavaliacao-das-regras-para-aplicacao-de-recursos-do-fust\/\">Leia mais<\/a><\/p>\n","protected":false},"author":1,"featured_media":14727,"comment_status":"open","ping_status":"open","sticky":false,"template":"","format":"standard","meta":{"footnotes":""},"categories":[3],"tags":[],"class_list":{"0":"post-14726","1":"post","2":"type-post","3":"status-publish","4":"format-standard","5":"has-post-thumbnail","7":"category-noticias"},"_links":{"self":[{"href":"https:\/\/sertsc.org.br\/site\/wp-json\/wp\/v2\/posts\/14726","targetHints":{"allow":["GET"]}}],"collection":[{"href":"https:\/\/sertsc.org.br\/site\/wp-json\/wp\/v2\/posts"}],"about":[{"href":"https:\/\/sertsc.org.br\/site\/wp-json\/wp\/v2\/types\/post"}],"author":[{"embeddable":true,"href":"https:\/\/sertsc.org.br\/site\/wp-json\/wp\/v2\/users\/1"}],"replies":[{"embeddable":true,"href":"https:\/\/sertsc.org.br\/site\/wp-json\/wp\/v2\/comments?post=14726"}],"version-history":[{"count":0,"href":"https:\/\/sertsc.org.br\/site\/wp-json\/wp\/v2\/posts\/14726\/revisions"}],"wp:featuredmedia":[{"embeddable":true,"href":"https:\/\/sertsc.org.br\/site\/wp-json\/"}],"wp:attachment":[{"href":"https:\/\/sertsc.org.br\/site\/wp-json\/wp\/v2\/media?parent=14726"}],"wp:term":[{"taxonomy":"category","embeddable":true,"href":"https:\/\/sertsc.org.br\/site\/wp-json\/wp\/v2\/categories?post=14726"},{"taxonomy":"post_tag","embeddable":true,"href":"https:\/\/sertsc.org.br\/site\/wp-json\/wp\/v2\/tags?post=14726"}],"curies":[{"name":"wp","href":"https:\/\/api.w.org\/{rel}","templated":true}]}}