{"id":14717,"date":"2021-03-03T09:06:22","date_gmt":"2021-03-03T12:06:22","guid":{"rendered":"https:\/\/www.sertsc.org.br\/site\/?p=14717"},"modified":"2021-03-03T09:06:22","modified_gmt":"2021-03-03T12:06:22","slug":"anatel-libera-a-minuta-do-edital-do-5g","status":"publish","type":"post","link":"https:\/\/sertsc.org.br\/site\/anatel-libera-a-minuta-do-edital-do-5g\/","title":{"rendered":"Anatel libera a minuta do edital do 5G"},"content":{"rendered":"<p style=\"text-align: justify;\">A Anatel liberou a \u00edntegra da proposta do edital da 5G, aprovada na semana passada pelo Conselho Diretor, e que vai agora para a chancela do Tribunal de Contas da Uni\u00e3o (TCU). A minuta n\u00e3o traz os pre\u00e7os m\u00ednimos para cada frequ\u00eancias que ser\u00e1 colocada \u00e0 venda, pois esse valor s\u00f3 ser\u00e1 conhecido pelo mercado ap\u00f3s a palavra final do Tribunal. Mas traz as condi\u00e7\u00f5es de participa\u00e7\u00e3o, os lotes a serem vendidos, e as obriga\u00e7\u00f5es que ter\u00e3o que ser cumpridas pelas operadoras que adquirirem o espectro.<\/p>\n<p style=\"text-align: justify;\">A \u00edntegra da Minuta pode ser acessada no final desta reportagem. Ser\u00e3o apresentadas aqui as regras gerais do certame.<\/p>\n<div class=\"04ff423bc02c79bfda06dbad4cdc1f71\" style=\"text-align: justify;\" data-index=\"2\">\n<div id=\"beacon_d3ff3c33e5\"><img decoding=\"async\" src=\"https:\/\/mkt.momentoeditorial.com.br\/revive\/www\/delivery\/lg.php?bannerid=336&amp;campaignid=154&amp;zoneid=3&amp;loc=https%3A%2F%2Fwww.telesintese.com.br%2Fanatel-libera-a-minuta-do-edital-do-5g-veja-aqui%2F&amp;referer=https%3A%2F%2Fwww.telesintese.com.br%2F&amp;cb=d3ff3c33e5\" alt=\"\" width=\"0\" height=\"0\" \/><\/div>\n<\/div>\n<h3 style=\"text-align: justify;\"><strong>O QUE EST\u00c1 \u00c0 VENDA<\/strong><\/h3>\n<p style=\"text-align: justify;\"><strong>Lotes Tipo A<\/strong>\u2013 \u00a0A expedi\u00e7\u00e3o de autoriza\u00e7\u00e3o para uso de radiofrequ\u00eancias em car\u00e1ter prim\u00e1rio de bloco de 10 + 10 MHz ou blocos de 5 + 5 MHz, na Subfaixa de Radiofrequ\u00eancias de<strong>\u00a0708 MHz a 718 MHz e de 763 MHz a 773 MHz 700 MHZ<\/strong><\/p>\n<p style=\"text-align: justify;\"><strong>Lotes Tipo B, C e D<\/strong>\u00a0\u2013 A expedi\u00e7\u00e3o de autoriza\u00e7\u00e3o para uso de Radiofrequ\u00eancias em car\u00e1ter prim\u00e1rio de blocos de 80 MHz ou de 20 MHz na Subfaixa de Radiofrequ\u00eancias de<strong>\u00a03.300 MHz a 3.700<\/strong><\/p>\n<p style=\"text-align: justify;\"><strong>Lotes Tipo E e F<\/strong>\u00a0\u2013 A expedi\u00e7\u00e3o de autoriza\u00e7\u00e3o para uso de Radiofrequ\u00eancias em car\u00e1ter prim\u00e1rio de blocos de 50 MHz, na Subfaixa de Radiofrequ\u00eancias de<strong>\u00a02.300 MHz a 2.350 MHz,<\/strong>\u00a0e de blocos de 40 MHz, na Subfaixa de Radiofrequ\u00eancias de<strong>\u00a02.350 MHz a 2390 MHz<\/strong><\/p>\n<p style=\"text-align: justify;\"><strong>Lotes Tipo G, H, I e J<\/strong>\u00a0\u2013 A expedi\u00e7\u00e3o de autoriza\u00e7\u00e3o para uso de Radiofrequ\u00eancias em car\u00e1ter prim\u00e1rio de blocos de 400 MHz ou de 200 MHz na Subfaixa de Radiofrequ\u00eancias de<strong>\u00a024,3 GHz a 27,5<\/strong><\/p>\n<h3 style=\"text-align: justify;\"><\/h3>\n<h3 style=\"text-align: justify;\">O SERVI\u00c7O<\/h3>\n<p style=\"text-align: justify;\">Ser\u00e3o expedidas licen\u00e7as para o Servi\u00e7o M\u00f3vel Pessoal (SMP), ou celular.<\/p>\n<p class=\"textojustificado\" style=\"text-align: justify;\">*Caso a Proponente vencedora solicite, a Autoriza\u00e7\u00e3o para uso de Radiofrequ\u00eancias correspondente aos blocos dos Lotes Tipo\u00a0<strong>F, G, H e I<\/strong>\u00a0poder\u00e1 ser inicialmente associada a nova Autoriza\u00e7\u00e3o para a explora\u00e7\u00e3o do Servi\u00e7o de Comunica\u00e7\u00e3o Multim\u00eddia \u2013 SCM ou outorga existente desse Servi\u00e7o.<\/p>\n<p class=\"textojustificado\" style=\"text-align: justify;\">* Caso a Proponente vencedora solicite, posteriormente, uma Autoriza\u00e7\u00e3o para explora\u00e7\u00e3o de um servi\u00e7o diverso daquele(s) inicialmente outorgado(s), entre os servi\u00e7os para os quais a faixa estava destinada na data da publica\u00e7\u00e3o deste Edital, ser\u00e1 expedida nova Autoriza\u00e7\u00e3o para uso de Radiofrequ\u00eancias, sem \u00f4nus adicional\u2026.<\/p>\n<p style=\"text-align: justify;\"><strong>Garantias<\/strong><\/p>\n<p style=\"text-align: justify;\">Garantias para proposta de pre\u00e7o: 180 dias \u2013 fian\u00e7a banc\u00e1ria ou cau\u00e7\u00e3o em dinheiro<\/p>\n<p style=\"text-align: justify;\">Garantias de Execu\u00e7\u00e3o de Compromissos: prazo m\u00ednimo de 24 meses \u2013 fian\u00e7a banc\u00e1ria ou cau\u00e7\u00e3o em dinheiro<\/p>\n<p style=\"text-align: justify;\"><strong>Pagamento<\/strong><\/p>\n<p style=\"text-align: justify;\">Pagamento \u00e0 vista, ou em parcelas, com \u00a0n\u00famero m\u00e1ximo de parcelas anuais\u00a0 igual ao prazo, em anos, do Direito de Uso de Radiofrequ\u00eancias, e o valor de cada parcela ser\u00e1 atualizado pela taxa referencial do Sistema Especial de Liquida\u00e7\u00e3o e Cust\u00f3dia \u2013 SELIC.<\/p>\n<p style=\"text-align: justify;\"><strong>O leil\u00e3o<\/strong><\/p>\n<p style=\"text-align: justify;\">Envelope fechado. Maior proposta de valor, por lote, e disputa aberta se proposta de pre\u00e7os dos demais concorrentes for 70% igual ou superior ao pre\u00e7o m\u00ednimo estabelecido pela Anatel. As proponentes com menores valores poder\u00e3o aumentar a oferta, publicamente no dia do leil\u00e3o, desde que a diferen\u00e7a pelo menos 5% superior ao maior valor.<\/p>\n<p class=\"textojustificado\" style=\"text-align: justify;\">Se n\u00e3o houver pelo menos 2 (duas) ofertas, incluindo a primeira classificada, poder\u00e1 apresentar Proposta de Pre\u00e7o substitutiva\u00a0 a segunda classificada, qualquer que seja o percentual da diferen\u00e7a entre as propostas<\/p>\n<p style=\"text-align: justify;\"><strong>A banda C estendida<\/strong><\/p>\n<p style=\"text-align: justify;\">Em rela\u00e7\u00e3o \u00e0 faixa de 3.625 MHz a 3.700 MHz, ap\u00f3s o julgamento das propostas, a Anatel poder\u00e1 solicitar que as entidades que atualmente detenham direitos de uso de radiofrequ\u00eancias nessa faixa manifestem-se, perante a Anatel, no sentido de renunciar expressamente ao direito de ajuizar a\u00e7\u00e3o para discutir o ressarcimento.<\/p>\n<p style=\"text-align: justify;\">Leia aqui a \u00edntegra da minuta:<\/p>\n<p style=\"text-align: justify;\"><a href=\"https:\/\/www.telesintese.com.br\/wp-content\/uploads\/2021\/03\/SEI-ANATEL-6605739-Minuta-de-Edital.pdf\">SEI-ANATEL-6605739-Minuta-de-Edital<\/a><\/p>\n<p>&nbsp;<\/p>\n<p>&nbsp;<\/p>\n<p>Fonte: Teles\u00edntese<\/p>\n","protected":false},"excerpt":{"rendered":"<p>A Anatel liberou a \u00edntegra da proposta do edital da&hellip;<\/p>\n<p> <a class=\"more-link\" href=\"https:\/\/sertsc.org.br\/site\/anatel-libera-a-minuta-do-edital-do-5g\/\">Leia mais<\/a><\/p>\n","protected":false},"author":1,"featured_media":14718,"comment_status":"open","ping_status":"open","sticky":false,"template":"","format":"standard","meta":{"footnotes":""},"categories":[3],"tags":[],"class_list":{"0":"post-14717","1":"post","2":"type-post","3":"status-publish","4":"format-standard","5":"has-post-thumbnail","7":"category-noticias"},"_links":{"self":[{"href":"https:\/\/sertsc.org.br\/site\/wp-json\/wp\/v2\/posts\/14717","targetHints":{"allow":["GET"]}}],"collection":[{"href":"https:\/\/sertsc.org.br\/site\/wp-json\/wp\/v2\/posts"}],"about":[{"href":"https:\/\/sertsc.org.br\/site\/wp-json\/wp\/v2\/types\/post"}],"author":[{"embeddable":true,"href":"https:\/\/sertsc.org.br\/site\/wp-json\/wp\/v2\/users\/1"}],"replies":[{"embeddable":true,"href":"https:\/\/sertsc.org.br\/site\/wp-json\/wp\/v2\/comments?post=14717"}],"version-history":[{"count":0,"href":"https:\/\/sertsc.org.br\/site\/wp-json\/wp\/v2\/posts\/14717\/revisions"}],"wp:featuredmedia":[{"embeddable":true,"href":"https:\/\/sertsc.org.br\/site\/wp-json\/"}],"wp:attachment":[{"href":"https:\/\/sertsc.org.br\/site\/wp-json\/wp\/v2\/media?parent=14717"}],"wp:term":[{"taxonomy":"category","embeddable":true,"href":"https:\/\/sertsc.org.br\/site\/wp-json\/wp\/v2\/categories?post=14717"},{"taxonomy":"post_tag","embeddable":true,"href":"https:\/\/sertsc.org.br\/site\/wp-json\/wp\/v2\/tags?post=14717"}],"curies":[{"name":"wp","href":"https:\/\/api.w.org\/{rel}","templated":true}]}}