{"id":14713,"date":"2021-03-02T10:34:46","date_gmt":"2021-03-02T13:34:46","guid":{"rendered":"https:\/\/www.sertsc.org.br\/site\/?p=14713"},"modified":"2021-03-02T10:34:46","modified_gmt":"2021-03-02T13:34:46","slug":"registrada-convencao-coletiva-de-trabalho-2021-da-regiao-norte-nordeste","status":"publish","type":"post","link":"https:\/\/sertsc.org.br\/site\/registrada-convencao-coletiva-de-trabalho-2021-da-regiao-norte-nordeste\/","title":{"rendered":"Registrada Conven\u00e7\u00e3o Coletiva de Trabalho 2021 da regi\u00e3o Norte\/Nordeste"},"content":{"rendered":"<p style=\"text-align: justify;\">O SERT\/SC comunica que a Conven\u00e7\u00e3o Coletiva de Trabalho 2021 (CCT 2021), fechada ap\u00f3s negocia\u00e7\u00e3o com o Sindicato dos Radialistas Profissionais e Empregados em Empresas da Radiodifus\u00e3o e Televis\u00e3o do Norte\/Nordeste do Estado de Santa Catarina, foi registrada junto \u00e0 Se\u00e7\u00e3o de Rela\u00e7\u00f5es de Trabalho da Superintend\u00eancia Regional do Trabalho e Emprego\/SC.<\/p>\n<p style=\"text-align: justify;\">A CCT 2021 segue em anexo.<br \/>\n<a href=\"https:\/\/www.sertsc.org.br\/site\/wp-content\/uploads\/2021\/03\/CCT-Joinville-Registrada-3.pdf\">Conven\u00e7\u00e3o Coletiva de Trabalho 2021<\/a><\/p>\n","protected":false},"excerpt":{"rendered":"<p>O SERT\/SC comunica que a Conven\u00e7\u00e3o Coletiva de Trabalho 2021&hellip;<\/p>\n<p> <a class=\"more-link\" href=\"https:\/\/sertsc.org.br\/site\/registrada-convencao-coletiva-de-trabalho-2021-da-regiao-norte-nordeste\/\">Leia mais<\/a><\/p>\n","protected":false},"author":1,"featured_media":14714,"comment_status":"open","ping_status":"open","sticky":false,"template":"","format":"standard","meta":{"footnotes":""},"categories":[33],"tags":[],"class_list":{"0":"post-14713","1":"post","2":"type-post","3":"status-publish","4":"format-standard","5":"has-post-thumbnail","7":"category-destaques"},"_links":{"self":[{"href":"https:\/\/sertsc.org.br\/site\/wp-json\/wp\/v2\/posts\/14713","targetHints":{"allow":["GET"]}}],"collection":[{"href":"https:\/\/sertsc.org.br\/site\/wp-json\/wp\/v2\/posts"}],"about":[{"href":"https:\/\/sertsc.org.br\/site\/wp-json\/wp\/v2\/types\/post"}],"author":[{"embeddable":true,"href":"https:\/\/sertsc.org.br\/site\/wp-json\/wp\/v2\/users\/1"}],"replies":[{"embeddable":true,"href":"https:\/\/sertsc.org.br\/site\/wp-json\/wp\/v2\/comments?post=14713"}],"version-history":[{"count":0,"href":"https:\/\/sertsc.org.br\/site\/wp-json\/wp\/v2\/posts\/14713\/revisions"}],"wp:featuredmedia":[{"embeddable":true,"href":"https:\/\/sertsc.org.br\/site\/wp-json\/"}],"wp:attachment":[{"href":"https:\/\/sertsc.org.br\/site\/wp-json\/wp\/v2\/media?parent=14713"}],"wp:term":[{"taxonomy":"category","embeddable":true,"href":"https:\/\/sertsc.org.br\/site\/wp-json\/wp\/v2\/categories?post=14713"},{"taxonomy":"post_tag","embeddable":true,"href":"https:\/\/sertsc.org.br\/site\/wp-json\/wp\/v2\/tags?post=14713"}],"curies":[{"name":"wp","href":"https:\/\/api.w.org\/{rel}","templated":true}]}}