{"id":14706,"date":"2021-03-01T09:57:38","date_gmt":"2021-03-01T12:57:38","guid":{"rendered":"https:\/\/www.sertsc.org.br\/site\/?p=14706"},"modified":"2021-03-01T09:57:38","modified_gmt":"2021-03-01T12:57:38","slug":"mcom-e-anatel-detalham-edital-de-5g","status":"publish","type":"post","link":"https:\/\/sertsc.org.br\/site\/mcom-e-anatel-detalham-edital-de-5g\/","title":{"rendered":"MCom e Anatel detalham edital de 5G"},"content":{"rendered":"<p style=\"text-align: justify;\">Em entrevista coletiva nesta sexta-feira (26), em Bras\u00edlia, o ministro das Comunica\u00e7\u00f5es F\u00e1bio Faria, o presidente da Ag\u00eancia Nacional de Telecomunica\u00e7\u00f5es (Anatel) Leonardo Euler de Morais e o conselheiro da entidade e relator do Edital de Licita\u00e7\u00e3o do 5G, Carlos Baigorri, detalharam a proposta para a disponibiliza\u00e7\u00e3o de espectro de radiofrequ\u00eancias para o 5G, aprovada na noite de quinta-feira (25). Agora, o relat\u00f3rio ser\u00e1 encaminhado ao Tribunal de Contas da Uni\u00e3o (TCU), que prometeu reduzir o prazo regimental de an\u00e1lise de 150 para 60 dias.<\/p>\n<p style=\"text-align: justify;\">\u201cEsse \u00e9 um dia muito importante para o pa\u00eds. A Anatel, ontem, concluiu os votos dos conselheiros sobre o edital para o leil\u00e3o do 5G. Esse ser\u00e1 um grande passo para o avan\u00e7o do desenvolvimento do nosso pa\u00eds\u201d, declarou Faria. O ministro salientou que a inten\u00e7\u00e3o \u00e9 realizar um leil\u00e3o 100% n\u00e3o arrecadat\u00f3rio.<\/p>\n<p style=\"text-align: justify;\">Segundo Faria, enquanto a tecnologia 4G foi feita para as pessoas, o 5G \u00e9 destinado a empresas e ind\u00fastrias, que ter\u00e3o salto de qualidade jamais visto, n\u00e3o s\u00f3 pelo aumento de velocidade, mas pela conex\u00e3o com toda a cadeia produtiva, permitindo reduzir o desperd\u00edcio de insumos.<\/p>\n<p style=\"text-align: justify;\">\u201cEssa tecnologia vai trazer mudan\u00e7as significativas na economia. Estamos falando de transforma\u00e7\u00e3o digital da economia. S\u00f3 para se ter uma ideia, o 5G vai trazer mais de R$ 3 trilh\u00f5es com rela\u00e7\u00e3o ao crescimento da economia\u201d, afirmou.<\/p>\n<p style=\"text-align: justify;\">\u201cSe o 4G remodelou a qualidade de conex\u00e3o para as pessoas, o 5G vai ser o guarda-chuva para um mundo de possibilidades. S\u00e3o outras propriedades, muitas relacionadas \u00e0 Internet das Coisas (IoT)\u201d, acrescentou Leonardo Euler. Segundo ele, o edital dar\u00e1 oportunidade para que prestadores regionais tenham acesso ao espectro radioel\u00e9trico. \u201cSomados, s\u00e3o os mais importantes prestadores de banda larga fixa no pa\u00eds\u201d, explicou.<\/p>\n<p style=\"text-align: justify;\">Ele destacou ainda que a libera\u00e7\u00e3o para o uso da faixa de 3,5 GHz envolver\u00e1 a migra\u00e7\u00e3o dos usu\u00e1rios de TVRO (antenas parab\u00f3licas), atualmente na banda C para a banda Ku. \u201cFaz parte do projeto uma troca das antenas parab\u00f3licas das fam\u00edlias inscritas no Cadastro \u00danico (Cad\u00danico) por antenas menores. As parab\u00f3licas ser\u00e3o desativadas para permitir o funcionamento do 5G\u201d, ressaltou.<\/p>\n<p style=\"text-align: justify;\">J\u00e1 Baigorri detalhou o cronograma de a\u00e7\u00f5es: expectativa \u00e9 lan\u00e7ar o edital ainda no primeiro semestre e garantir cobertura da nova rede nas capitais at\u00e9 30 de julho de 2022.<\/p>\n<p style=\"text-align: justify;\">\n<p style=\"text-align: justify;\">\n<p style=\"text-align: justify;\"><img fetchpriority=\"high\" decoding=\"async\" class=\"aligncenter size-full wp-image-14705\" src=\"https:\/\/www.sertsc.org.br\/site\/wp-content\/uploads\/2021\/03\/coletiva_ff.png\" alt=\"\" width=\"625\" height=\"343\" \/><\/p>\n<p style=\"text-align: justify;\">\n<p style=\"text-align: justify;\">Fonte: ABERT<\/p>\n","protected":false},"excerpt":{"rendered":"<p>Em entrevista coletiva nesta sexta-feira (26), em Bras\u00edlia, o ministro&hellip;<\/p>\n<p> <a class=\"more-link\" href=\"https:\/\/sertsc.org.br\/site\/mcom-e-anatel-detalham-edital-de-5g\/\">Leia mais<\/a><\/p>\n","protected":false},"author":1,"featured_media":14708,"comment_status":"open","ping_status":"open","sticky":false,"template":"","format":"standard","meta":{"footnotes":""},"categories":[3],"tags":[],"class_list":{"0":"post-14706","1":"post","2":"type-post","3":"status-publish","4":"format-standard","5":"has-post-thumbnail","7":"category-noticias"},"_links":{"self":[{"href":"https:\/\/sertsc.org.br\/site\/wp-json\/wp\/v2\/posts\/14706","targetHints":{"allow":["GET"]}}],"collection":[{"href":"https:\/\/sertsc.org.br\/site\/wp-json\/wp\/v2\/posts"}],"about":[{"href":"https:\/\/sertsc.org.br\/site\/wp-json\/wp\/v2\/types\/post"}],"author":[{"embeddable":true,"href":"https:\/\/sertsc.org.br\/site\/wp-json\/wp\/v2\/users\/1"}],"replies":[{"embeddable":true,"href":"https:\/\/sertsc.org.br\/site\/wp-json\/wp\/v2\/comments?post=14706"}],"version-history":[{"count":0,"href":"https:\/\/sertsc.org.br\/site\/wp-json\/wp\/v2\/posts\/14706\/revisions"}],"wp:featuredmedia":[{"embeddable":true,"href":"https:\/\/sertsc.org.br\/site\/wp-json\/"}],"wp:attachment":[{"href":"https:\/\/sertsc.org.br\/site\/wp-json\/wp\/v2\/media?parent=14706"}],"wp:term":[{"taxonomy":"category","embeddable":true,"href":"https:\/\/sertsc.org.br\/site\/wp-json\/wp\/v2\/categories?post=14706"},{"taxonomy":"post_tag","embeddable":true,"href":"https:\/\/sertsc.org.br\/site\/wp-json\/wp\/v2\/tags?post=14706"}],"curies":[{"name":"wp","href":"https:\/\/api.w.org\/{rel}","templated":true}]}}