{"id":14700,"date":"2021-02-26T10:58:11","date_gmt":"2021-02-26T13:58:11","guid":{"rendered":"https:\/\/www.sertsc.org.br\/site\/?p=14700"},"modified":"2021-02-26T10:58:11","modified_gmt":"2021-02-26T13:58:11","slug":"chip-fm-radio-gratuito-na-palma-da-mao","status":"publish","type":"post","link":"https:\/\/sertsc.org.br\/site\/chip-fm-radio-gratuito-na-palma-da-mao\/","title":{"rendered":"Chip FM: r\u00e1dio gratuito na palma da m\u00e3o"},"content":{"rendered":"<p style=\"text-align: justify;\">O r\u00e1dio nasceu com voca\u00e7\u00e3o para ser livre, democr\u00e1tico e ilimitado, assegurando o acesso de todos os ouvintes \u00e0 informa\u00e7\u00e3o, entretenimento e servi\u00e7os de utilidade p\u00fablica, de forma gratuita. Do aparelho tradicional ao celular, o r\u00e1dio se modernizou, acompanhando a evolu\u00e7\u00e3o tecnol\u00f3gica e, hoje, est\u00e1 na palma da m\u00e3o. Um pequeno dispositivo tem o poder de ampliar ainda mais seu alcance e est\u00e1 dispon\u00edvel para a maioria dos brasileiros: \u00e9 o chip FM, que permite o acesso \u00e0s emissoras pelo telefone celular, sem que o ouvinte precise pagar pelo uso do pacote de dados de sua operadora de telefonia.<\/p>\n<p style=\"text-align: justify;\">Aliado na luta por assegurar o direito irrestrito dos brasileiros ao r\u00e1dio, o ministro das Comunica\u00e7\u00f5es, F\u00e1bio Faria, trabalha para assegurar a obrigatoriedade da ativa\u00e7\u00e3o do chip em todos os aparelhos fabricados ou comercializados no pa\u00eds. &#8220;Primeiro, levamos a r\u00e1dio aos telefones celulares, agora faremos com que os telefones celulares incluam as r\u00e1dios&#8221;, anunciou, durante evento promovido pela ABERT, em 2020.<\/p>\n<p style=\"text-align: justify;\">A maioria dos aparelhos j\u00e1 conta com o dispositivo instalado de f\u00e1brica, mas a ideia \u00e9 chegar a 100% dos modelos com o chip FM desbloqueado. Um estudo realizado pelo engenheiro Marco T\u00falio Nascimento apontou que, h\u00e1 dois anos, 85% dos telefones j\u00e1 possu\u00edam a tecnologia embutida.<\/p>\n<p style=\"text-align: justify;\">A ABERT mant\u00e9m uma lista atualizada de modelos de aparelhos. Para acess\u00e1-la, clique\u00a0<a href=\"https:\/\/www.abert.org.br\/web\/celulares.html\">AQUI<\/a>.<\/p>\n<p style=\"text-align: justify;\">Nas \u00faltimas semanas, a ABERT convidou diversos nomes do mercado da radiodifus\u00e3o para refletirem sobre a import\u00e2ncia da ativa\u00e7\u00e3o do chip FM. Vencer as barreiras da comunica\u00e7\u00e3o nos lugares onde a internet n\u00e3o chega, assegurar informa\u00e7\u00e3o \u00e0s popula\u00e7\u00f5es mais vulner\u00e1veis, garantir um direito do consumidor e salvar vidas em meio \u00e0s intemp\u00e9ries, foram alguns dos destaques.<\/p>\n<p style=\"text-align: justify;\">Al\u00e9m de melhorar a vida de ouvintes, os benef\u00edcios ser\u00e3o imensos tamb\u00e9m para a radiodifus\u00e3o. Um deles \u00e9 a utiliza\u00e7\u00e3o da faixa estendida, favorecendo a migra\u00e7\u00e3o AM\/FM. \u201cCom o acesso \u00e0 faixa estendida garantido ap\u00f3s a ativa\u00e7\u00e3o do chip FM, as emissoras teriam mais tranquilidade para ocupar essa nova frequ\u00eancia, o que poderia levar a aumento de pot\u00eancia e de qualidade\u201d, destaca o diretor de R\u00e1dio da ABERT, Andr\u00e9 Cintra.<\/p>\n<p style=\"text-align: justify;\">\u201cA ativa\u00e7\u00e3o do chip tamb\u00e9m abre a possibilidade de oferecer o r\u00e1dio h\u00edbrido, que mandaria as informa\u00e7\u00f5es de \u00e1udio pelo ar e utilizaria as redes de internet para fornecer recursos multim\u00eddia\u201d, explica Marco T\u00falio Nascimento. Para ele, al\u00e9m dos ganhos tecnol\u00f3gicos, a medida servir\u00e1 para aumentar a base de ouvintes, estimulando novos neg\u00f3cios e atraindo anunciantes.<\/p>\n<p style=\"text-align: justify;\">\u201cIsso poder\u00e1 se tornar uma vantagem tamb\u00e9m para os fabricantes, que poder\u00e3o oferecer um recurso a mais sem cobrar por isso. \u00c9 uma rela\u00e7\u00e3o de ganha-ganha\u201d, afirma o professor Fernando Morgado.<\/p>\n<p style=\"text-align: justify;\">Conhece algum aparelho que n\u00e3o est\u00e1 na lista da ABERT? Envie sua sugest\u00e3o pelo e-mail\u00a0<span id=\"cloak404e7e29a471f4ce59c817d639652f96\"><a href=\"mailto:imprensa@abert.org.br\">imprensa@abert.org.br<\/a><\/span><\/p>\n<p style=\"text-align: justify;\">\n<p style=\"text-align: justify;\">Fonte: ABERT<\/p>\n","protected":false},"excerpt":{"rendered":"<p>O r\u00e1dio nasceu com voca\u00e7\u00e3o para ser livre, democr\u00e1tico e&hellip;<\/p>\n<p> <a class=\"more-link\" href=\"https:\/\/sertsc.org.br\/site\/chip-fm-radio-gratuito-na-palma-da-mao\/\">Leia mais<\/a><\/p>\n","protected":false},"author":1,"featured_media":14701,"comment_status":"open","ping_status":"open","sticky":false,"template":"","format":"standard","meta":{"footnotes":""},"categories":[3],"tags":[],"class_list":{"0":"post-14700","1":"post","2":"type-post","3":"status-publish","4":"format-standard","5":"has-post-thumbnail","7":"category-noticias"},"_links":{"self":[{"href":"https:\/\/sertsc.org.br\/site\/wp-json\/wp\/v2\/posts\/14700","targetHints":{"allow":["GET"]}}],"collection":[{"href":"https:\/\/sertsc.org.br\/site\/wp-json\/wp\/v2\/posts"}],"about":[{"href":"https:\/\/sertsc.org.br\/site\/wp-json\/wp\/v2\/types\/post"}],"author":[{"embeddable":true,"href":"https:\/\/sertsc.org.br\/site\/wp-json\/wp\/v2\/users\/1"}],"replies":[{"embeddable":true,"href":"https:\/\/sertsc.org.br\/site\/wp-json\/wp\/v2\/comments?post=14700"}],"version-history":[{"count":0,"href":"https:\/\/sertsc.org.br\/site\/wp-json\/wp\/v2\/posts\/14700\/revisions"}],"wp:featuredmedia":[{"embeddable":true,"href":"https:\/\/sertsc.org.br\/site\/wp-json\/"}],"wp:attachment":[{"href":"https:\/\/sertsc.org.br\/site\/wp-json\/wp\/v2\/media?parent=14700"}],"wp:term":[{"taxonomy":"category","embeddable":true,"href":"https:\/\/sertsc.org.br\/site\/wp-json\/wp\/v2\/categories?post=14700"},{"taxonomy":"post_tag","embeddable":true,"href":"https:\/\/sertsc.org.br\/site\/wp-json\/wp\/v2\/tags?post=14700"}],"curies":[{"name":"wp","href":"https:\/\/api.w.org\/{rel}","templated":true}]}}