{"id":14696,"date":"2021-02-26T10:55:58","date_gmt":"2021-02-26T13:55:58","guid":{"rendered":"https:\/\/www.sertsc.org.br\/site\/?p=14696"},"modified":"2021-02-26T10:55:58","modified_gmt":"2021-02-26T13:55:58","slug":"anatel-aprova-edital-do-5g","status":"publish","type":"post","link":"https:\/\/sertsc.org.br\/site\/anatel-aprova-edital-do-5g\/","title":{"rendered":"Anatel aprova edital do 5G"},"content":{"rendered":"<p style=\"text-align: justify;\">A Ag\u00eancia Nacional de Telecomunica\u00e7\u00f5es (Anatel) concluiu nesta quinta-feira (25) o julgamento da proposta de Edital de Licita\u00e7\u00e3o para a disponibiliza\u00e7\u00e3o de espectro de radiofrequ\u00eancias para o 5G.<\/p>\n<p style=\"text-align: justify;\">O processo administrativo sobre o edital foi instaurado em 2018 e, desde ent\u00e3o, vem sendo acompanhado pela ABERT com extrema aten\u00e7\u00e3o, dada a import\u00e2ncia do tratamento das interfer\u00eancias causadas pelo 5G nos receptores de antenas parab\u00f3licas (TVRO) na Banda C.<\/p>\n<p style=\"text-align: justify;\">A ABERT sempre defendeu a necessidade de migra\u00e7\u00e3o das recep\u00e7\u00f5es dom\u00e9sticas de TVRO da Banda C para a Banda Ku, por ser a \u00fanica solu\u00e7\u00e3o t\u00e9cnica definitiva para as interfer\u00eancias.<\/p>\n<p style=\"text-align: justify;\">A tecnologia 5G ser\u00e1 um pilar da expans\u00e3o da pr\u00f3xima gera\u00e7\u00e3o de televis\u00e3o, baseada num modelo h\u00edbrido de broacasting e broadbanding, que proporcionar\u00e1 \u00e0s emissoras novos modelos de neg\u00f3cio, publicidade e marketing, e dar\u00e1 ao telespectador uma experi\u00eancia personalizada de recep\u00e7\u00e3o de conte\u00fados no ambiente da TV aberta, gerando maior interatividade, autonomia e conte\u00fado personalizado.<\/p>\n<p style=\"text-align: justify;\">O relator do processo, conselheiro Carlos Baigorri, dentre outros pontos, proferiu seu voto seguindo as diretrizes das \u00e1reas t\u00e9cnicas da Anatel, no sentido de determinar a migra\u00e7\u00e3o das recep\u00e7\u00f5es dom\u00e9sticas de TVRO da Banda C para a Banda Ku, com a distribui\u00e7\u00e3o e instala\u00e7\u00e3o de kits para recep\u00e7\u00e3o do sinal de TV aberta para os seguintes benefici\u00e1rios:<\/p>\n<p style=\"text-align: justify;\">(i) resid\u00eancias que j\u00e1 recebem o sinal por meio de antenas parab\u00f3licas na Banda C;<br \/>\n(ii) exist\u00eancia, na resid\u00eancia, de pessoa integrante do Cadastro \u00danico para Programas Sociais do Governo Federal (Cad\u00danico);<br \/>\n(iii) e demanda desses interessados.<\/p>\n<p style=\"text-align: justify;\">Na reuni\u00e3o desta quinta-feira, ap\u00f3s voto do presidente Leonardo Euller, o entendimento do relator Carlos Baigorri prevaleceu, apenas com alguns ajustes sugeridos pelos demais conselheiros.<\/p>\n<p style=\"text-align: justify;\">O presidente da ABERT, Flavio Lara Resende, ressaltou que a delibera\u00e7\u00e3o foi recebida \u201ccom extrema satisfa\u00e7\u00e3o pelo setor\u201d.<\/p>\n<p style=\"text-align: justify;\">\u201cDeve ser exaltado o trabalho feito pela Anatel e Minist\u00e9rio das Comunica\u00e7\u00f5es, pois a decis\u00e3o de migrar a TVRO para a Banda KU atende uma realidade social de preserva\u00e7\u00e3o do acesso gratuito \u00e0 televis\u00e3o aberta por meio das antenas parab\u00f3licas, especialmente para a popula\u00e7\u00e3o de baixa renda\u201d, afirma Lara Resende.<\/p>\n<p style=\"text-align: justify;\">\n<p style=\"text-align: justify;\">Fonte: ABERT<\/p>\n","protected":false},"excerpt":{"rendered":"<p>A Ag\u00eancia Nacional de Telecomunica\u00e7\u00f5es (Anatel) concluiu nesta quinta-feira (25)&hellip;<\/p>\n<p> <a class=\"more-link\" href=\"https:\/\/sertsc.org.br\/site\/anatel-aprova-edital-do-5g\/\">Leia mais<\/a><\/p>\n","protected":false},"author":1,"featured_media":14697,"comment_status":"open","ping_status":"open","sticky":false,"template":"","format":"standard","meta":{"footnotes":""},"categories":[3],"tags":[],"class_list":{"0":"post-14696","1":"post","2":"type-post","3":"status-publish","4":"format-standard","5":"has-post-thumbnail","7":"category-noticias"},"_links":{"self":[{"href":"https:\/\/sertsc.org.br\/site\/wp-json\/wp\/v2\/posts\/14696","targetHints":{"allow":["GET"]}}],"collection":[{"href":"https:\/\/sertsc.org.br\/site\/wp-json\/wp\/v2\/posts"}],"about":[{"href":"https:\/\/sertsc.org.br\/site\/wp-json\/wp\/v2\/types\/post"}],"author":[{"embeddable":true,"href":"https:\/\/sertsc.org.br\/site\/wp-json\/wp\/v2\/users\/1"}],"replies":[{"embeddable":true,"href":"https:\/\/sertsc.org.br\/site\/wp-json\/wp\/v2\/comments?post=14696"}],"version-history":[{"count":0,"href":"https:\/\/sertsc.org.br\/site\/wp-json\/wp\/v2\/posts\/14696\/revisions"}],"wp:featuredmedia":[{"embeddable":true,"href":"https:\/\/sertsc.org.br\/site\/wp-json\/"}],"wp:attachment":[{"href":"https:\/\/sertsc.org.br\/site\/wp-json\/wp\/v2\/media?parent=14696"}],"wp:term":[{"taxonomy":"category","embeddable":true,"href":"https:\/\/sertsc.org.br\/site\/wp-json\/wp\/v2\/categories?post=14696"},{"taxonomy":"post_tag","embeddable":true,"href":"https:\/\/sertsc.org.br\/site\/wp-json\/wp\/v2\/tags?post=14696"}],"curies":[{"name":"wp","href":"https:\/\/api.w.org\/{rel}","templated":true}]}}