{"id":14679,"date":"2021-02-24T08:51:20","date_gmt":"2021-02-24T11:51:20","guid":{"rendered":"https:\/\/www.sertsc.org.br\/site\/?p=14679"},"modified":"2021-02-24T08:51:20","modified_gmt":"2021-02-24T11:51:20","slug":"segundo-enquete-a-maioria-dos-eletronicos-adquiridos-no-final-de-2020-tinha-acesso-ao-conteudo-de-radio","status":"publish","type":"post","link":"https:\/\/sertsc.org.br\/site\/segundo-enquete-a-maioria-dos-eletronicos-adquiridos-no-final-de-2020-tinha-acesso-ao-conteudo-de-radio\/","title":{"rendered":"Segundo enquete, a maioria dos eletr\u00f4nicos adquiridos no final de 2020 tinha acesso ao conte\u00fado de r\u00e1dio"},"content":{"rendered":"<p style=\"text-align: justify;\">O\u00a0<strong>tudoradio.com<\/strong>\u00a0promoveu entre dezembro e fevereiro uma enquete sobre as compras de fim de ano, com foco em Black Friday e Natal. A inten\u00e7\u00e3o era saber se\u00a0<em><strong>os visitantes do portal adquiriram algum novo dispositivo eletr\u00f4nico<\/strong><\/em>. E, caso sim, se ele contava com alguma forma de acessar o conte\u00fado gerado pelas r\u00e1dios. Em resultado apertado entre quem comprou algo e quem n\u00e3o gastou na reta final de 2020, a maioria adquiriu aparelhos que possuem acesso ao r\u00e1dio, seja em FM (receptor via ondas) ou on-line (streaming).<\/p>\n<p style=\"text-align: justify;\">Entre todos os participantes,\u00a0<em><strong>49% responderam que adquiram pelo menos um dispositivo eletr\u00f4nico que possibilita acesso ao r\u00e1dio<\/strong><\/em>. Desses, 34% compraram um aparelho que possui sinal de FM embutido ou era o pr\u00f3prio receptor de r\u00e1dio. N\u00e3o exclui smartphones com FM e streaming.<\/p>\n<p style=\"text-align: justify;\">J\u00e1 15% afirmaram que adquiriram um dispositivo eletr\u00f4nico que n\u00e3o conta com FM embutido, mas que possibilitam acessar a programa\u00e7\u00e3o das emissoras atrav\u00e9s do\u00a0<em><strong>\u00e1udio digital,<\/strong><\/em>\u00a0ou seja, o streaming. Est\u00e3o nessa categoria aparelhos como smartphones sem FM, smart speakers, laptops\/computadores, entre outros.<\/p>\n<p style=\"text-align: justify;\">Apesar da enquete n\u00e3o poder ser considerada como uma pesquisa (pois n\u00e3o seleciona os grupos para coletar os dados, mas sim conta com a participa\u00e7\u00e3o espont\u00e2nea dos visitantes do portal) e pelo fato de quem acessar o<strong>\u00a0tudoradio.com<\/strong>\u00a0j\u00e1 ter um interesse no meio, o resultado\u00a0<em><strong>\u00e9 um term\u00f4metro positivo para a manuten\u00e7\u00e3o do r\u00e1dio como uma op\u00e7\u00e3o de m\u00eddia<\/strong><\/em>, independente do aparelho utilizado. Apenas 3% dos participantes adquiriram aparelhos que n\u00e3o possibilitam o acesso ao conte\u00fado radiof\u00f4nico.<\/p>\n<p style=\"text-align: justify;\">Outro detalhe importante \u00e9 a parcela consider\u00e1vel dos participantes que n\u00e3o adquiriram eletr\u00f4nicos no final de 2020: 48%. Considerados os queridinhos do com\u00e9rcio nas principais datas de fim de ano, a grande parcela de participantes que n\u00e3o compraram algum dispositivo pode ser tamb\u00e9m um<em><strong>\u00a0term\u00f4metro da dificuldade econ\u00f4mica que o pa\u00eds enfrentou<\/strong><\/em>\u00a0em um ano marcado pela pandemia do novo coronav\u00edrus.<\/p>\n<p style=\"text-align: justify;\">Vale ressaltar que a enquete n\u00e3o conta com processo cient\u00edfico de avalia\u00e7\u00e3o, sendo apenas uma forma de saber como foi o comportamento dos visitantes do portal perante o tema proposto. O questionamento esteve em vig\u00eancia entre a segunda quinzena de dezembro e a primeira quinzena de fevereiro. E o n\u00famero total de votos foi de 191.<\/p>\n<p style=\"text-align: justify;\"><img decoding=\"async\" class=\"aligncenter\" src=\"https:\/\/tudoradio.com\/img\/uploads\/noticias\/6035ce6e2bd63.png\" alt=\"\" \/><\/p>\n<p style=\"text-align: justify;\"><strong>A pr\u00f3xima enquete: quem ganhou mais?<\/strong><\/p>\n<p style=\"text-align: justify;\">O\u00a0<strong>tudoradio.com\u00a0<\/strong>j\u00e1 conta com uma nova enquete dispon\u00edvel para a audi\u00eancia. Nela, o portal pergunta o seguinte: \u201cNa sua opini\u00e3o, qual o formato de r\u00e1dio que mais se beneficiou em audi\u00eancia ao longo de 2020, ano impactado pela pandemia do novo coronav\u00edrus?\u201d<\/p>\n<p style=\"text-align: justify;\">Para participar basta acessar\u00a0<strong><a href=\"https:\/\/tudoradio.com\/enquetes\">tudoradio.com\/enquetes<\/a><\/strong>\u00a0ou responder no menu do portal, localizado na lateral esquerda para quem acessa via desktop e tablets.<\/p>\n<p style=\"text-align: justify;\">Fonte: Tudor\u00e1dio<\/p>\n","protected":false},"excerpt":{"rendered":"<p>O\u00a0tudoradio.com\u00a0promoveu entre dezembro e fevereiro uma enquete sobre as compras&hellip;<\/p>\n<p> <a class=\"more-link\" href=\"https:\/\/sertsc.org.br\/site\/segundo-enquete-a-maioria-dos-eletronicos-adquiridos-no-final-de-2020-tinha-acesso-ao-conteudo-de-radio\/\">Leia mais<\/a><\/p>\n","protected":false},"author":1,"featured_media":14680,"comment_status":"open","ping_status":"open","sticky":false,"template":"","format":"standard","meta":{"footnotes":""},"categories":[3],"tags":[],"class_list":{"0":"post-14679","1":"post","2":"type-post","3":"status-publish","4":"format-standard","5":"has-post-thumbnail","7":"category-noticias"},"_links":{"self":[{"href":"https:\/\/sertsc.org.br\/site\/wp-json\/wp\/v2\/posts\/14679","targetHints":{"allow":["GET"]}}],"collection":[{"href":"https:\/\/sertsc.org.br\/site\/wp-json\/wp\/v2\/posts"}],"about":[{"href":"https:\/\/sertsc.org.br\/site\/wp-json\/wp\/v2\/types\/post"}],"author":[{"embeddable":true,"href":"https:\/\/sertsc.org.br\/site\/wp-json\/wp\/v2\/users\/1"}],"replies":[{"embeddable":true,"href":"https:\/\/sertsc.org.br\/site\/wp-json\/wp\/v2\/comments?post=14679"}],"version-history":[{"count":0,"href":"https:\/\/sertsc.org.br\/site\/wp-json\/wp\/v2\/posts\/14679\/revisions"}],"wp:featuredmedia":[{"embeddable":true,"href":"https:\/\/sertsc.org.br\/site\/wp-json\/"}],"wp:attachment":[{"href":"https:\/\/sertsc.org.br\/site\/wp-json\/wp\/v2\/media?parent=14679"}],"wp:term":[{"taxonomy":"category","embeddable":true,"href":"https:\/\/sertsc.org.br\/site\/wp-json\/wp\/v2\/categories?post=14679"},{"taxonomy":"post_tag","embeddable":true,"href":"https:\/\/sertsc.org.br\/site\/wp-json\/wp\/v2\/tags?post=14679"}],"curies":[{"name":"wp","href":"https:\/\/api.w.org\/{rel}","templated":true}]}}