{"id":14668,"date":"2021-02-23T16:19:28","date_gmt":"2021-02-23T19:19:28","guid":{"rendered":"https:\/\/www.sertsc.org.br\/site\/?p=14668"},"modified":"2021-02-23T16:19:28","modified_gmt":"2021-02-23T19:19:28","slug":"abert-prioriza-acoes-em-favor-chip-fm-em-smartphones-associacao-participa-de-evento-sobre-regulacao-do-mercado-de-comunicacao","status":"publish","type":"post","link":"https:\/\/sertsc.org.br\/site\/abert-prioriza-acoes-em-favor-chip-fm-em-smartphones-associacao-participa-de-evento-sobre-regulacao-do-mercado-de-comunicacao\/","title":{"rendered":"ABERT prioriza a\u00e7\u00f5es em favor chip FM em smartphones; associa\u00e7\u00e3o participa de evento sobre regula\u00e7\u00e3o do mercado de comunica\u00e7\u00e3o"},"content":{"rendered":"<p style=\"text-align: justify;\">A ABERT segue com a\u00e7\u00f5es voltadas \u00e0 aprova\u00e7\u00e3o do projeto de lei que obriga a ind\u00fastria de smartphones a ativar o chip FM nos aparelhos. De acordo com o levantamento da associa\u00e7\u00e3o, diversos modelos disponibilizam a tecnologia e os usu\u00e1rios da telefonia m\u00f3vel podem pesquisar por aparelhos que j\u00e1 cont\u00eam o receptor integrado, sem ter que recorrer ao pacote de dados das operadoras. A ABERT tamb\u00e9m participou do Semin\u00e1rio Pol\u00edticas de (Tele)Comunica\u00e7\u00f5es, promovido pela Teletime.<\/p>\n<p style=\"text-align: justify;\">A ativa\u00e7\u00e3o do chip FM nos celulares j\u00e1 conta com apoios importantes. Al\u00e9m das associa\u00e7\u00f5es estaduais e nacionais, o ministro das Comunica\u00e7\u00f5es, F\u00e1bio Faria, manifestou, em diversos eventos institucionais e entrevistas, o compromisso com a obrigatoriedade de inser\u00e7\u00e3o e ativa\u00e7\u00e3o do chip FM em todos os aparelhos fabricados e comercializados no Brasil. &#8220;Estamos fazendo o r\u00e1dio no celular. Para cada telefone fabricado no Brasil, vem o r\u00e1dio de gra\u00e7a sem precisar instalar pelo Wi-Fi, 4G, plano de dados. Isso est\u00e1 no Minist\u00e9rio da Economia&#8221;, afirmou, durante evento promovido em janeiro.<\/p>\n<p style=\"text-align: justify;\">Para auxiliar o consumidor a encontrar o modelo ideal, a ABERT disponibiliza, no portal www.abert.org.br uma lista de aparelhos que j\u00e1 trazem o chip instalado. A ABERT realiza sempre a atualiza\u00e7\u00e3o da lista. Atualmente, dos 236 modelos de aparelhos celulares dispon\u00edveis no pa\u00eds, 157 t\u00eam o chip FM embutido, o que equivale a 66,5% do total.<\/p>\n<p style=\"text-align: justify;\">A maioria dos modelos \u00e0 venda custa entre R$ 1.000 e R$ 1.500. De 54 op\u00e7\u00f5es nessa faixa de pre\u00e7o, 50 saem das lojas com o dispositivo, o que representa 92,5%. No caso de aparelhos que custam entre R$ 500 e R$ 1.000, 42 dos 51 modelos dispon\u00edveis contam com o receptor vindo de f\u00e1brica, o que significa um percentual de 82,3%.<\/p>\n<p style=\"text-align: justify;\" data-fetch=\"true\">Entre a \u00faltima segunda-feira (22) e no decorrer desta ter\u00e7a-feira foi realizado o Semin\u00e1rio Pol\u00edticas de (Tele)Comunica\u00e7\u00f5es. Promovido pela Teletime, o painel debateu temas como a assimetria no mercado de regras na comunica\u00e7\u00e3o social, a regula\u00e7\u00e3o e responsabiliza\u00e7\u00e3o de plataformas e a propriedade intelectual e combate \u00e0 pirataria.<\/p>\n<p style=\"text-align: justify;\">O painel teve como palestrante o pesquisador da Michigan State University, Tiago Prado, e como debatedores, o diretor geral da ABERT, Cristiano Lobato Flores, o superintendente de competi\u00e7\u00e3o da Anatel, Abra\u00e3o Balbino, o representante da C\u00e2mara-e.net, Tom\u00e1s R. Paiva, al\u00e9m dos representantes do Centro de Pol\u00edticas e Tecnologias da Comunica\u00e7\u00e3o da Universidade de Bras\u00edlia (CCOM\/UnB), Jonas Valente e Murilo Ramos.<\/p>\n<p style=\"text-align: justify;\">\n<p style=\"text-align: justify;\">\n<p style=\"text-align: justify;\"><img fetchpriority=\"high\" decoding=\"async\" class=\"aligncenter\" src=\"https:\/\/tudoradio.com\/img\/uploads\/noticias\/60354907e7c30.jpg\" alt=\"\" width=\"500\" height=\"262\" \/><\/p>\n<p>Painel promovido pela Teletime para debater acerca da regula\u00e7\u00e3o do novo mercado de comunica\u00e7\u00e3o<\/p>\n<p style=\"text-align: justify;\">\n<p style=\"text-align: justify;\">A abertura do Semin\u00e1rio da Teletime ocorreu na \u00faltima segunda-feira (22) e teve a presen\u00e7a do presidente da Ag\u00eancia Nacional de Telecomunica\u00e7\u00f5es (Anatel), Leonardo Euler de Morais, e do secret\u00e1rio executivo do Minist\u00e9rio das Comunica\u00e7\u00f5es, Vitor Menezes. Eles abordaram sobre a agenda priorit\u00e1ria dos dois \u00f3rg\u00e3os em 2021. A Lei Geral de Prote\u00e7\u00e3o de Dados (LGPD) e edital do 5G tamb\u00e9m esteve em debate durante o encontro.<\/p>\n<p>&nbsp;<\/p>\n<p>Fonte: Tudor\u00e1dio<\/p>\n","protected":false},"excerpt":{"rendered":"<p>A ABERT segue com a\u00e7\u00f5es voltadas \u00e0 aprova\u00e7\u00e3o do projeto&hellip;<\/p>\n<p> <a class=\"more-link\" href=\"https:\/\/sertsc.org.br\/site\/abert-prioriza-acoes-em-favor-chip-fm-em-smartphones-associacao-participa-de-evento-sobre-regulacao-do-mercado-de-comunicacao\/\">Leia mais<\/a><\/p>\n","protected":false},"author":1,"featured_media":14411,"comment_status":"open","ping_status":"open","sticky":false,"template":"","format":"standard","meta":{"footnotes":""},"categories":[3],"tags":[],"class_list":{"0":"post-14668","1":"post","2":"type-post","3":"status-publish","4":"format-standard","5":"has-post-thumbnail","7":"category-noticias"},"_links":{"self":[{"href":"https:\/\/sertsc.org.br\/site\/wp-json\/wp\/v2\/posts\/14668","targetHints":{"allow":["GET"]}}],"collection":[{"href":"https:\/\/sertsc.org.br\/site\/wp-json\/wp\/v2\/posts"}],"about":[{"href":"https:\/\/sertsc.org.br\/site\/wp-json\/wp\/v2\/types\/post"}],"author":[{"embeddable":true,"href":"https:\/\/sertsc.org.br\/site\/wp-json\/wp\/v2\/users\/1"}],"replies":[{"embeddable":true,"href":"https:\/\/sertsc.org.br\/site\/wp-json\/wp\/v2\/comments?post=14668"}],"version-history":[{"count":0,"href":"https:\/\/sertsc.org.br\/site\/wp-json\/wp\/v2\/posts\/14668\/revisions"}],"wp:featuredmedia":[{"embeddable":true,"href":"https:\/\/sertsc.org.br\/site\/wp-json\/"}],"wp:attachment":[{"href":"https:\/\/sertsc.org.br\/site\/wp-json\/wp\/v2\/media?parent=14668"}],"wp:term":[{"taxonomy":"category","embeddable":true,"href":"https:\/\/sertsc.org.br\/site\/wp-json\/wp\/v2\/categories?post=14668"},{"taxonomy":"post_tag","embeddable":true,"href":"https:\/\/sertsc.org.br\/site\/wp-json\/wp\/v2\/tags?post=14668"}],"curies":[{"name":"wp","href":"https:\/\/api.w.org\/{rel}","templated":true}]}}