{"id":14664,"date":"2021-02-23T08:34:55","date_gmt":"2021-02-23T11:34:55","guid":{"rendered":"https:\/\/www.sertsc.org.br\/site\/?p=14664"},"modified":"2021-02-23T08:34:55","modified_gmt":"2021-02-23T11:34:55","slug":"fechada-cct-com-sindicato-dos-radialistas-norte-nordeste-de-sc","status":"publish","type":"post","link":"https:\/\/sertsc.org.br\/site\/fechada-cct-com-sindicato-dos-radialistas-norte-nordeste-de-sc\/","title":{"rendered":"Fechada CCT com Sindicato dos Radialistas Norte\/Nordeste de SC"},"content":{"rendered":"<p style=\"text-align: justify;\">O SERT\/SC fechou ontem (22\/2) a Conven\u00e7\u00e3o Coletiva de Trabalho (CCT) referente ao ano de 2021 com o Sindicato dos Radialistas Profissionais e Empregados em Empresas de Radiodifus\u00e3o e Televis\u00e3o da Regi\u00e3o Norte\/Nordeste do Estado de Santa Catarina.<\/p>\n<p style=\"text-align: justify;\">O piso das fun\u00e7\u00f5es regulamentadas foi equiparado ao piso regional do estado (R$ 1.329,00). J\u00e1 o piso para fun\u00e7\u00f5es n\u00e3o regulamentadas foi equiparado ao sal\u00e1rio m\u00ednimo (R$ 1.102,00). Para os sal\u00e1rios acima do piso, o reajuste ficou em 2,45%.<\/p>\n<p style=\"text-align: justify;\">Refor\u00e7amos que esta CCT se refere a 2021. Sendo assim, o valor retroativo referente ao m\u00eas de janeiro de 2021 dever\u00e1 ser inclu\u00eddo na folha de pagamento correspondente ao m\u00eas de fevereiro de 2021 com pagamento em mar\u00e7o de 2021.<\/p>\n<p style=\"text-align: justify;\">Foram mantidas todas as cl\u00e1usulas sociais e ficou definida tamb\u00e9m uma comiss\u00e3o parit\u00e1ria para discutir e adequar a CCT para o pr\u00f3ximo ano.<\/p>\n<p style=\"text-align: justify;\"><strong>A CCT logo estar\u00e1 dispon\u00edvel na \u00edntegra.<\/strong><\/p>\n<p>&nbsp;<\/p>\n<p><img fetchpriority=\"high\" decoding=\"async\" class=\"aligncenter size-full wp-image-14665\" src=\"https:\/\/www.sertsc.org.br\/site\/wp-content\/uploads\/2021\/02\/WhatsApp-Image-2021-02-23-at-08.19.13.jpeg\" alt=\"\" width=\"1280\" height=\"958\" \/><\/p>\n","protected":false},"excerpt":{"rendered":"<p>O SERT\/SC fechou ontem (22\/2) a Conven\u00e7\u00e3o Coletiva de Trabalho&hellip;<\/p>\n<p> <a class=\"more-link\" href=\"https:\/\/sertsc.org.br\/site\/fechada-cct-com-sindicato-dos-radialistas-norte-nordeste-de-sc\/\">Leia mais<\/a><\/p>\n","protected":false},"author":1,"featured_media":14665,"comment_status":"open","ping_status":"open","sticky":false,"template":"","format":"standard","meta":{"footnotes":""},"categories":[33],"tags":[],"class_list":{"0":"post-14664","1":"post","2":"type-post","3":"status-publish","4":"format-standard","5":"has-post-thumbnail","7":"category-destaques"},"_links":{"self":[{"href":"https:\/\/sertsc.org.br\/site\/wp-json\/wp\/v2\/posts\/14664","targetHints":{"allow":["GET"]}}],"collection":[{"href":"https:\/\/sertsc.org.br\/site\/wp-json\/wp\/v2\/posts"}],"about":[{"href":"https:\/\/sertsc.org.br\/site\/wp-json\/wp\/v2\/types\/post"}],"author":[{"embeddable":true,"href":"https:\/\/sertsc.org.br\/site\/wp-json\/wp\/v2\/users\/1"}],"replies":[{"embeddable":true,"href":"https:\/\/sertsc.org.br\/site\/wp-json\/wp\/v2\/comments?post=14664"}],"version-history":[{"count":0,"href":"https:\/\/sertsc.org.br\/site\/wp-json\/wp\/v2\/posts\/14664\/revisions"}],"wp:featuredmedia":[{"embeddable":true,"href":"https:\/\/sertsc.org.br\/site\/wp-json\/"}],"wp:attachment":[{"href":"https:\/\/sertsc.org.br\/site\/wp-json\/wp\/v2\/media?parent=14664"}],"wp:term":[{"taxonomy":"category","embeddable":true,"href":"https:\/\/sertsc.org.br\/site\/wp-json\/wp\/v2\/categories?post=14664"},{"taxonomy":"post_tag","embeddable":true,"href":"https:\/\/sertsc.org.br\/site\/wp-json\/wp\/v2\/tags?post=14664"}],"curies":[{"name":"wp","href":"https:\/\/api.w.org\/{rel}","templated":true}]}}