{"id":14656,"date":"2021-02-22T11:07:05","date_gmt":"2021-02-22T14:07:05","guid":{"rendered":"https:\/\/www.sertsc.org.br\/site\/?p=14656"},"modified":"2021-02-22T11:07:05","modified_gmt":"2021-02-22T14:07:05","slug":"porque-a-internet-e-o-radio-sao-complementares","status":"publish","type":"post","link":"https:\/\/sertsc.org.br\/site\/porque-a-internet-e-o-radio-sao-complementares\/","title":{"rendered":"Porque a internet e o r\u00e1dio s\u00e3o complementares"},"content":{"rendered":"<p>Sua r\u00e1dio pode at\u00e9 n\u00e3o estar totalmente na Internet, mas seu p\u00fablico est\u00e1!<br \/>\n\u2800<br \/>\nQuando voc\u00ea responde seu p\u00fablico no WhatsApp; quando ele envia uma mensagem nas redes sociais ou at\u00e9 mesmo quando ele pede uma m\u00fasica enviando um link do YouTube, a Internet e a R\u00e1dio est\u00e3o conectadas.<br \/>\n\u2800<br \/>\nAtrav\u00e9s dessa intera\u00e7\u00e3o gerada pela Internet e a R\u00e1dio, voc\u00ea garante aos seus ouvintes uma proximidade ainda maior, refor\u00e7ando sua identidade. \u00c9 na Internet que voc\u00ea poder\u00e1 conhecer melhor quem ouve sua r\u00e1dio, criar promo\u00e7\u00f5es e a\u00e7\u00f5es que de fato eles tenham interesse.<\/p>\n<p>&nbsp;<\/p>\n<p>Fonte: Cadena Sistemas<\/p>\n","protected":false},"excerpt":{"rendered":"<p>Sua r\u00e1dio pode at\u00e9 n\u00e3o estar totalmente na Internet, mas&hellip;<\/p>\n<p> <a class=\"more-link\" href=\"https:\/\/sertsc.org.br\/site\/porque-a-internet-e-o-radio-sao-complementares\/\">Leia mais<\/a><\/p>\n","protected":false},"author":1,"featured_media":14657,"comment_status":"open","ping_status":"open","sticky":false,"template":"","format":"standard","meta":{"footnotes":""},"categories":[3],"tags":[],"class_list":{"0":"post-14656","1":"post","2":"type-post","3":"status-publish","4":"format-standard","5":"has-post-thumbnail","7":"category-noticias"},"_links":{"self":[{"href":"https:\/\/sertsc.org.br\/site\/wp-json\/wp\/v2\/posts\/14656","targetHints":{"allow":["GET"]}}],"collection":[{"href":"https:\/\/sertsc.org.br\/site\/wp-json\/wp\/v2\/posts"}],"about":[{"href":"https:\/\/sertsc.org.br\/site\/wp-json\/wp\/v2\/types\/post"}],"author":[{"embeddable":true,"href":"https:\/\/sertsc.org.br\/site\/wp-json\/wp\/v2\/users\/1"}],"replies":[{"embeddable":true,"href":"https:\/\/sertsc.org.br\/site\/wp-json\/wp\/v2\/comments?post=14656"}],"version-history":[{"count":0,"href":"https:\/\/sertsc.org.br\/site\/wp-json\/wp\/v2\/posts\/14656\/revisions"}],"wp:featuredmedia":[{"embeddable":true,"href":"https:\/\/sertsc.org.br\/site\/wp-json\/"}],"wp:attachment":[{"href":"https:\/\/sertsc.org.br\/site\/wp-json\/wp\/v2\/media?parent=14656"}],"wp:term":[{"taxonomy":"category","embeddable":true,"href":"https:\/\/sertsc.org.br\/site\/wp-json\/wp\/v2\/categories?post=14656"},{"taxonomy":"post_tag","embeddable":true,"href":"https:\/\/sertsc.org.br\/site\/wp-json\/wp\/v2\/tags?post=14656"}],"curies":[{"name":"wp","href":"https:\/\/api.w.org\/{rel}","templated":true}]}}