{"id":14586,"date":"2021-02-08T08:13:26","date_gmt":"2021-02-08T11:13:26","guid":{"rendered":"https:\/\/www.sertsc.org.br\/site\/?p=14586"},"modified":"2021-02-08T08:13:26","modified_gmt":"2021-02-08T11:13:26","slug":"mcom-publica-portaria-estabelecendo-procedimentos-para-novos-pedidos-de-migracao-am-fm","status":"publish","type":"post","link":"https:\/\/sertsc.org.br\/site\/mcom-publica-portaria-estabelecendo-procedimentos-para-novos-pedidos-de-migracao-am-fm\/","title":{"rendered":"MCom publica portaria estabelecendo procedimentos para novos pedidos de migra\u00e7\u00e3o AM\/FM"},"content":{"rendered":"<p style=\"text-align: justify;\">O Minist\u00e9rio das Comunica\u00e7\u00f5es (MCom) publicou nesta sexta-feira (5) a\u00a0<strong><a href=\"https:\/\/www.in.gov.br\/en\/web\/dou\/-\/portaria-n-1.898\/sei-mcom-de-26-de-janeiro-de-2021-302541071\" target=\"_blank\" rel=\"noopener noreferrer\">Portaria n\u00ba 1.898\/2021<\/a><\/strong>\u00a0estabelecendo os procedimentos para que as emissoras de r\u00e1dio AM que n\u00e3o efetuaram o pagamento do boleto de adapta\u00e7\u00e3o da outorga para a migra\u00e7\u00e3o AM\/FM no prazo, fa\u00e7am o pedido novamente. A ABERT comemorou a reabertura do processo para as r\u00e1dios que n\u00e3o continuaram com o tr\u00e2mite da migra\u00e7\u00e3o<\/p>\n<p style=\"text-align: justify;\">A portaria publicada hoje estabelece as condi\u00e7\u00f5es, crit\u00e9rios e procedimentos para a realiza\u00e7\u00e3o de novo pedido de migra\u00e7\u00e3o das r\u00e1dios AM para FM. Pelas novas regras, as emissoras deslocadas para o Lote Residual, pelo n\u00e3o pagamento do boleto no prazo, dever\u00e3o encaminhar o novo pedido para o MCom no prazo de 60 dias.<\/p>\n<p style=\"text-align: justify;\">O requerimento dever\u00e1 ser enviado pelo Sistema Eletr\u00f4nico de Informa\u00e7\u00f5es (SEI) do MCom e estar instru\u00eddo com os seguintes documentos:<\/p>\n<p style=\"text-align: justify;\"><em>I &#8211; prova de regularidade perante as fazendas federal, estadual, municipal ou distrital da sede da pessoa jur\u00eddica, na forma da lei;<\/em><\/p>\n<p style=\"text-align: justify;\"><em>II &#8211; prova de regularidade do recolhimento dos recursos do Fundo de Fiscaliza\u00e7\u00e3o das Telecomunica\u00e7\u00f5es &#8211; Fistel;<\/em><\/p>\n<p style=\"text-align: justify;\"><em>III &#8211; prova de regularidade relativa \u00e0 seguridade social e ao Fundo de Garantia do Tempo de Servi\u00e7o &#8211; FGTS; e<\/em><\/p>\n<p style=\"text-align: justify;\"><em>IV &#8211; prova da inexist\u00eancia de d\u00e9bitos inadimplidos perante a Justi\u00e7a do Trabalho, por meio da apresenta\u00e7\u00e3o de certid\u00e3o negativa, nos termos do disposto no T\u00edtulo VII-A do Decreto-Lei n\u00ba 5.452, de 1\u00ba de maio de 1943 &#8211; Consolida\u00e7\u00e3o das Leis do Trabalho.<\/em><\/p>\n<p style=\"text-align: justify;\">O MCom notificar\u00e1 a emissora para que efetue o pagamento do novo boleto, ap\u00f3s a an\u00e1lise dos documentos encaminhados \u00e0 pasta. No caso de indeferimento do requerimento, ou de n\u00e3o pagamento do valor relativo \u00e0 adapta\u00e7\u00e3o da outorga dentro do prazo estipulado, as emissoras permanecer\u00e3o alocadas no Lote Residual.<\/p>\n<p style=\"text-align: justify;\">A publica\u00e7\u00e3o da portaria foi comemorada pelo presidente da ABERT, Fl\u00e1vio Lara Resende. &#8220;A reabertura do prazo para o pagamento dos boletos vencidos \u00e9 uma demanda antiga de dezenas de pequenas emissoras que aguardavam ansiosas a possibilidade de migrar para o FM&#8221;, afirmou.<\/p>\n<p style=\"text-align: justify;\">Fonte: Tudor\u00e1dio<\/p>\n","protected":false},"excerpt":{"rendered":"<p>O Minist\u00e9rio das Comunica\u00e7\u00f5es (MCom) publicou nesta sexta-feira (5) a\u00a0Portaria&hellip;<\/p>\n<p> <a class=\"more-link\" href=\"https:\/\/sertsc.org.br\/site\/mcom-publica-portaria-estabelecendo-procedimentos-para-novos-pedidos-de-migracao-am-fm\/\">Leia mais<\/a><\/p>\n","protected":false},"author":1,"featured_media":14072,"comment_status":"open","ping_status":"open","sticky":false,"template":"","format":"standard","meta":{"footnotes":""},"categories":[3],"tags":[],"class_list":{"0":"post-14586","1":"post","2":"type-post","3":"status-publish","4":"format-standard","5":"has-post-thumbnail","7":"category-noticias"},"_links":{"self":[{"href":"https:\/\/sertsc.org.br\/site\/wp-json\/wp\/v2\/posts\/14586","targetHints":{"allow":["GET"]}}],"collection":[{"href":"https:\/\/sertsc.org.br\/site\/wp-json\/wp\/v2\/posts"}],"about":[{"href":"https:\/\/sertsc.org.br\/site\/wp-json\/wp\/v2\/types\/post"}],"author":[{"embeddable":true,"href":"https:\/\/sertsc.org.br\/site\/wp-json\/wp\/v2\/users\/1"}],"replies":[{"embeddable":true,"href":"https:\/\/sertsc.org.br\/site\/wp-json\/wp\/v2\/comments?post=14586"}],"version-history":[{"count":0,"href":"https:\/\/sertsc.org.br\/site\/wp-json\/wp\/v2\/posts\/14586\/revisions"}],"wp:featuredmedia":[{"embeddable":true,"href":"https:\/\/sertsc.org.br\/site\/wp-json\/"}],"wp:attachment":[{"href":"https:\/\/sertsc.org.br\/site\/wp-json\/wp\/v2\/media?parent=14586"}],"wp:term":[{"taxonomy":"category","embeddable":true,"href":"https:\/\/sertsc.org.br\/site\/wp-json\/wp\/v2\/categories?post=14586"},{"taxonomy":"post_tag","embeddable":true,"href":"https:\/\/sertsc.org.br\/site\/wp-json\/wp\/v2\/tags?post=14586"}],"curies":[{"name":"wp","href":"https:\/\/api.w.org\/{rel}","templated":true}]}}