{"id":14577,"date":"2021-02-04T16:25:17","date_gmt":"2021-02-04T19:25:17","guid":{"rendered":"https:\/\/www.sertsc.org.br\/site\/?p=14577"},"modified":"2021-02-04T16:25:17","modified_gmt":"2021-02-04T19:25:17","slug":"chip-fm-expansao-do-radio-sem-custo-para-ouvintes","status":"publish","type":"post","link":"https:\/\/sertsc.org.br\/site\/chip-fm-expansao-do-radio-sem-custo-para-ouvintes\/","title":{"rendered":"Chip FM: expans\u00e3o do r\u00e1dio sem custo para ouvintes"},"content":{"rendered":"<div class=\"uk-margin-remove-vertical\">\n<p style=\"text-align: justify;\">Acompanhar a programa\u00e7\u00e3o das emissoras de r\u00e1dio do pa\u00eds na palma da m\u00e3o, recebendo informa\u00e7\u00e3o, servi\u00e7os e entretenimento sem precisar usar o pacote de dados oferecido pelas operadoras de telefonia m\u00f3vel. Com a ativa\u00e7\u00e3o do chip FM nos celulares produzidos e comercializados no pa\u00eds, essa situa\u00e7\u00e3o poder\u00e1 se tornar real para todos os brasileiros, abrindo caminho para inova\u00e7\u00f5es tecnol\u00f3gicas que ter\u00e3o grande impacto na radiodifus\u00e3o.<\/p>\n<p style=\"text-align: justify;\">O dispositivo j\u00e1 est\u00e1 dispon\u00edvel na maioria dos aparelhos, mas o setor trabalha pela ado\u00e7\u00e3o obrigat\u00f3ria da ferramenta em 100% dos celulares dispon\u00edveis no Brasil. O ministro das Comunica\u00e7\u00f5es, F\u00e1bio Faria, vem trabalhando para concretizar a medida, que n\u00e3o trar\u00e1 qualquer custo extra aos consumidores.<\/p>\n<p style=\"text-align: justify;\">Em levantamento realizado em 2019, o engenheiro, conselheiro da Sociedade Brasileira de Engenharia de Televis\u00e3o (SET) e fundador da ZYDigital, Marco T\u00falio Nascimento, mapeou os modelos comercializados no Brasil com chip embarcado e tra\u00e7ou um perfil dos equipamentos em oferta, divididos por faixa de pre\u00e7o. Segundo Nascimento, o estudo apontou que cerca de 85% dos aparelhos j\u00e1 eram comercializados com o dispositivo. Os telefones m\u00f3veis de maior custo, em geral, n\u00e3o possuem o chip instalado.<\/p>\n<p style=\"text-align: justify;\">Segundo o engenheiro, na maioria dos casos, os aparelhos que possuem o dispositivo j\u00e1 est\u00e3o prontos para oferecer o acesso \u00e0s emissoras de r\u00e1dio FM. Eventualmente, \u00e9 necess\u00e1rio fazer apenas adapta\u00e7\u00f5es pontuais no software para ativar o funcionamento do chip. Em ambas as situa\u00e7\u00f5es, os custos para o usu\u00e1rio s\u00e3o praticamente inexistentes.<\/p>\n<p style=\"text-align: justify;\">\u201cPara as emissoras, a medida \u00e9 importante para aumentar a base de aparelhos receptores, e, consequentemente, a audi\u00eancia. Isso gera interesse do fabricante, do governo, do mercado, criando um c\u00edrculo virtuoso. A ativa\u00e7\u00e3o do chip tamb\u00e9m abre a possibilidade de oferecer o r\u00e1dio h\u00edbrido, que mandaria as informa\u00e7\u00f5es de \u00e1udio pelo ar e utilizaria as redes de internet para fornecer recursos multim\u00eddia\u201d, explica.<\/p>\n<p style=\"text-align: justify;\">Para o engenheiro e conselheiro da SET, Eduardo Cappia, emissoras e entidades do setor devem investir em uma comunica\u00e7\u00e3o que permita ao consumidor conhecer a funcionalidade. \u201cN\u00e3o estamos vendendo nosso produto a quem j\u00e1 tem acesso ao chip\u201d, afirma. A medida, prossegue, permitiria tamb\u00e9m uma an\u00e1lise mais acurada do mercado de radiodifus\u00e3o. Segundo Cappia, sem a obrigatoriedade de ativa\u00e7\u00e3o do chip, hoje \u00e9 dif\u00edcil mensurar quantos receptores de r\u00e1dio existem no pa\u00eds.<\/p>\n<p style=\"text-align: justify;\">Presidente da Associa\u00e7\u00e3o Catarinense de Emissoras de R\u00e1dio e Televis\u00e3o (ACAERT), Silvano Silva destacou o empenho da entidade na luta pela garantia de acesso livre e gratuito ao r\u00e1dio FM pelos celulares. Segundo ele, \u00e9 essencial oferecer ao p\u00fablico acesso \u00e0 informa\u00e7\u00e3o verificada e confi\u00e1vel. \u201cO r\u00e1dio \u00e9 o carimbo de confian\u00e7a da audi\u00eancia. Hoje, quem compra um aparelho de telefonia m\u00f3vel tem tudo \u00e0 disposi\u00e7\u00e3o. N\u00e3o faz sentido privar esse consumidor do acesso ao r\u00e1dio\u201d, defendeu.<\/p>\n<p style=\"text-align: justify;\">Em campanha que incentiva o consumidor a comprar um celular que j\u00e1 tenha o chip FM embutido, a ABERT disponibiliza no site\u00a0<a href=\"https:\/\/www.abert.org.br\/web\/celulares.html\">abert.org.br\/celulares<\/a>\u00a0uma lista atualizada dos aparelhos que j\u00e1 cont\u00eam o dispositivo.<\/p>\n<\/div>\n<div class=\"uk-margin-small\" style=\"text-align: justify;\"><span class=\"prefix\">Fonte:<\/span>\u00a0Abert<\/div>\n","protected":false},"excerpt":{"rendered":"<p>Acompanhar a programa\u00e7\u00e3o das emissoras de r\u00e1dio do pa\u00eds na&hellip;<\/p>\n<p> <a class=\"more-link\" href=\"https:\/\/sertsc.org.br\/site\/chip-fm-expansao-do-radio-sem-custo-para-ouvintes\/\">Leia mais<\/a><\/p>\n","protected":false},"author":1,"featured_media":14578,"comment_status":"open","ping_status":"open","sticky":false,"template":"","format":"standard","meta":{"footnotes":""},"categories":[3],"tags":[],"class_list":{"0":"post-14577","1":"post","2":"type-post","3":"status-publish","4":"format-standard","5":"has-post-thumbnail","7":"category-noticias"},"_links":{"self":[{"href":"https:\/\/sertsc.org.br\/site\/wp-json\/wp\/v2\/posts\/14577","targetHints":{"allow":["GET"]}}],"collection":[{"href":"https:\/\/sertsc.org.br\/site\/wp-json\/wp\/v2\/posts"}],"about":[{"href":"https:\/\/sertsc.org.br\/site\/wp-json\/wp\/v2\/types\/post"}],"author":[{"embeddable":true,"href":"https:\/\/sertsc.org.br\/site\/wp-json\/wp\/v2\/users\/1"}],"replies":[{"embeddable":true,"href":"https:\/\/sertsc.org.br\/site\/wp-json\/wp\/v2\/comments?post=14577"}],"version-history":[{"count":0,"href":"https:\/\/sertsc.org.br\/site\/wp-json\/wp\/v2\/posts\/14577\/revisions"}],"wp:featuredmedia":[{"embeddable":true,"href":"https:\/\/sertsc.org.br\/site\/wp-json\/"}],"wp:attachment":[{"href":"https:\/\/sertsc.org.br\/site\/wp-json\/wp\/v2\/media?parent=14577"}],"wp:term":[{"taxonomy":"category","embeddable":true,"href":"https:\/\/sertsc.org.br\/site\/wp-json\/wp\/v2\/categories?post=14577"},{"taxonomy":"post_tag","embeddable":true,"href":"https:\/\/sertsc.org.br\/site\/wp-json\/wp\/v2\/tags?post=14577"}],"curies":[{"name":"wp","href":"https:\/\/api.w.org\/{rel}","templated":true}]}}