{"id":14561,"date":"2021-02-02T08:40:38","date_gmt":"2021-02-02T11:40:38","guid":{"rendered":"https:\/\/www.sertsc.org.br\/site\/?p=14561"},"modified":"2021-02-02T08:40:38","modified_gmt":"2021-02-02T11:40:38","slug":"leilao-5g-mcom-edita-novas-diretrizes-para-licitacao-resguarda-a-protecao-para-usuarios-de-tvro-e-cria-rede-de-seguranca-para-a-administracao-publica-federal","status":"publish","type":"post","link":"https:\/\/sertsc.org.br\/site\/leilao-5g-mcom-edita-novas-diretrizes-para-licitacao-resguarda-a-protecao-para-usuarios-de-tvro-e-cria-rede-de-seguranca-para-a-administracao-publica-federal\/","title":{"rendered":"Leil\u00e3o 5G: MCom edita novas diretrizes para licita\u00e7\u00e3o, resguarda a prote\u00e7\u00e3o para usu\u00e1rios de TVRO e cria rede de seguran\u00e7a para a administra\u00e7\u00e3o p\u00fablica federal"},"content":{"rendered":"<div class=\"uk-margin-remove-vertical\">\n<p style=\"text-align: justify;\">O Minist\u00e9rio das Comunica\u00e7\u00f5es (MCom) publicou, em edi\u00e7\u00e3o extra do Di\u00e1rio Oficial da Uni\u00e3o, na \u00faltima sexta-feira (29), a Portaria n\u00ba 1.924\/2021, que define crit\u00e9rios para a prote\u00e7\u00e3o dos usu\u00e1rios que recebem sinais de TV aberta e gratuita por meio de antenas parab\u00f3licas (TVRO) na Banda C satelital.<\/p>\n<p>A norma publicada revogou a Portaria n\u00ba 418\/2020 e criou novas diretrizes para os certames licitat\u00f3rios das faixas de radiofrequ\u00eancias destinadas ao servi\u00e7o de 5G.<\/p>\n<p>Com a publica\u00e7\u00e3o, o MCom deu maior seguran\u00e7a jur\u00eddica \u00e0 popula\u00e7\u00e3o que recebe os sinais de TV aberta por sat\u00e9lite e definiu como benefici\u00e1rios da pol\u00edtica p\u00fablica as pessoas que atendam os seguintes crit\u00e9rios, cumulativos: (i) resid\u00eancias que j\u00e1 recebem o sinal por meio de antenas parab\u00f3licas na banda C; (ii) exist\u00eancia, na resid\u00eancia, de pessoa integrante do Cadastro \u00danico para Programas Sociais do Governo Federal (Cad\u00danico); (iii) e demanda desses interessados.<\/p>\n<p>Milh\u00f5es de brasileiros ser\u00e3o beneficiados pela medida e ter\u00e3o garantido o acesso \u00e0 TV aberta satelital.<\/p>\n<p>A portaria tamb\u00e9m avan\u00e7a em outros temas e determina, por exemplo, a cria\u00e7\u00e3o de uma rede para prote\u00e7\u00e3o dos dados do Estado brasileiro, destinada para aos \u00f3rg\u00e3os p\u00fablicos federais e \u00e0s atividades de seguran\u00e7a, defesa, servi\u00e7os de socorro e emerg\u00eancia, resposta a desastres e outras atribui\u00e7\u00f5es cr\u00edticas.<br \/>\nSegundo o presidente da ABERT, Fl\u00e1vio Lara Resende, &#8220;\u00e9 preciso enaltecer a nova gest\u00e3o do Minist\u00e9rio das Comunica\u00e7\u00f5es, liderada pelo ministro F\u00e1bio Faria, que se preocupou em preservar a base de usu\u00e1rios que atualmente acessam a televis\u00e3o aberta por meio de antenas parab\u00f3licas, especialmente os cidad\u00e3os de baixa renda que, na maioria dos casos, n\u00e3o possuem outro meio de comunica\u00e7\u00e3o, al\u00e9m dos servi\u00e7os de r\u00e1dio e TV\u201d.<\/p>\n<p>Lara Resende informa, ainda, \u201cque a ABERT aguarda, com expectativa, a delibera\u00e7\u00e3o do Conselho Diretor da Anatel sobre o edital do 5G, e confia que a Ag\u00eancia decidir\u00e1 sobre a migra\u00e7\u00e3o das recep\u00e7\u00f5es dom\u00e9sticas de TVRO da Banda C para a Banda Ku, por se tratar da \u00fanica solu\u00e7\u00e3o t\u00e9cnica definitiva para as interfer\u00eancias\u201d.<\/p>\n<p>Para acessar a portaria clique\u00a0<a href=\"http:\/\/mkt.abert.org.br\/go\/5585d697e3a37ad9-08292643c--8888b84a0917fe826--c918aedewZhePkt5eXte8Bf2o\">AQUI<\/a>.<\/p>\n<\/div>\n<div class=\"uk-margin-small\" style=\"text-align: justify;\"><span class=\"prefix\">Fonte:<\/span>\u00a0Abert<\/div>\n","protected":false},"excerpt":{"rendered":"<p>O Minist\u00e9rio das Comunica\u00e7\u00f5es (MCom) publicou, em edi\u00e7\u00e3o extra do&hellip;<\/p>\n<p> <a class=\"more-link\" href=\"https:\/\/sertsc.org.br\/site\/leilao-5g-mcom-edita-novas-diretrizes-para-licitacao-resguarda-a-protecao-para-usuarios-de-tvro-e-cria-rede-de-seguranca-para-a-administracao-publica-federal\/\">Leia mais<\/a><\/p>\n","protected":false},"author":1,"featured_media":14562,"comment_status":"open","ping_status":"open","sticky":false,"template":"","format":"standard","meta":{"footnotes":""},"categories":[3],"tags":[],"class_list":{"0":"post-14561","1":"post","2":"type-post","3":"status-publish","4":"format-standard","5":"has-post-thumbnail","7":"category-noticias"},"_links":{"self":[{"href":"https:\/\/sertsc.org.br\/site\/wp-json\/wp\/v2\/posts\/14561","targetHints":{"allow":["GET"]}}],"collection":[{"href":"https:\/\/sertsc.org.br\/site\/wp-json\/wp\/v2\/posts"}],"about":[{"href":"https:\/\/sertsc.org.br\/site\/wp-json\/wp\/v2\/types\/post"}],"author":[{"embeddable":true,"href":"https:\/\/sertsc.org.br\/site\/wp-json\/wp\/v2\/users\/1"}],"replies":[{"embeddable":true,"href":"https:\/\/sertsc.org.br\/site\/wp-json\/wp\/v2\/comments?post=14561"}],"version-history":[{"count":0,"href":"https:\/\/sertsc.org.br\/site\/wp-json\/wp\/v2\/posts\/14561\/revisions"}],"wp:featuredmedia":[{"embeddable":true,"href":"https:\/\/sertsc.org.br\/site\/wp-json\/"}],"wp:attachment":[{"href":"https:\/\/sertsc.org.br\/site\/wp-json\/wp\/v2\/media?parent=14561"}],"wp:term":[{"taxonomy":"category","embeddable":true,"href":"https:\/\/sertsc.org.br\/site\/wp-json\/wp\/v2\/categories?post=14561"},{"taxonomy":"post_tag","embeddable":true,"href":"https:\/\/sertsc.org.br\/site\/wp-json\/wp\/v2\/tags?post=14561"}],"curies":[{"name":"wp","href":"https:\/\/api.w.org\/{rel}","templated":true}]}}