{"id":14558,"date":"2021-02-02T08:34:46","date_gmt":"2021-02-02T11:34:46","guid":{"rendered":"https:\/\/www.sertsc.org.br\/site\/?p=14558"},"modified":"2021-02-02T08:34:46","modified_gmt":"2021-02-02T11:34:46","slug":"ministerio-das-comunicacoes-e-anatel-atuam-com-associacoes-de-radiodifusao-para-migracao-am-fm-no-dial-convencional","status":"publish","type":"post","link":"https:\/\/sertsc.org.br\/site\/ministerio-das-comunicacoes-e-anatel-atuam-com-associacoes-de-radiodifusao-para-migracao-am-fm-no-dial-convencional\/","title":{"rendered":"Minist\u00e9rio das Comunica\u00e7\u00f5es e Anatel atuam com associa\u00e7\u00f5es de radiodifus\u00e3o para migra\u00e7\u00e3o AM\/FM no dial convencional"},"content":{"rendered":"<p style=\"text-align: justify;\">O secret\u00e1rio de Radiodifus\u00e3o do Minist\u00e9rio das Comunica\u00e7\u00f5es (MCom), Maximiliano Martinh\u00e3o, confirmou com exclusividade ao\u00a0<strong>tudoradio.com\u00a0<\/strong>que a pasta est\u00e1 atuando juntamente com a Anatel e as associa\u00e7\u00f5es estaduais de radiodifus\u00e3o na inten\u00e7\u00e3o de conquistar novos canais no chamado dial convencional de FM para as emissoras AM que ainda n\u00e3o efetivaram a adapta\u00e7\u00e3o da outorga por conta de estarem no chamado dial estendido (eFM). Segundo Martinh\u00e3o, uma s\u00e9rie de reuni\u00f5es ir\u00e3o ocorrer a partir desta semana para o levantamento dos canais que poder\u00e3o ser abertos.<\/p>\n<p style=\"text-align: justify;\">Martinh\u00e3o disse que, nas \u00faltimas semanas, tem interagido com o ministro das Comunica\u00e7\u00f5es, F\u00e1bio Faria, e a Anatel na inten\u00e7\u00e3o de encontrar o maior n\u00famero de canais dentro da faixa convencional do FM. &#8220;Temos feito um esfor\u00e7o para encontrar o maior n\u00famero de canais poss\u00edveis dentro da faixa tradicional para migra\u00e7\u00e3o do que resta de esta\u00e7\u00f5es de OM migrarem para o FM na faixa de 88 a 108 FM&#8221;, explicou o secret\u00e1rio.<\/p>\n<p style=\"text-align: justify;\">Ele tamb\u00e9m ressaltou a parceria que vem sendo firmada entre o SERAD e as associa\u00e7\u00f5es estaduais para viabilizar o maior n\u00famero de canais no dial convencional de FM. &#8220;N\u00e3o \u00e9 um trabalho f\u00e1cil. Tenho contado com o apoio das associa\u00e7\u00f5es. Nesse in\u00edcio de projeto, contei com o apoio da ACAERT (Santa Catarina) e da AGERT (Rio Grande do Sul), dos t\u00e9cnicos do setor, para resolver este problema&#8221;, ressaltou.<\/p>\n<p style=\"text-align: justify;\">O secret\u00e1rio do SERAD enfatizou, ainda, que o trabalho est\u00e1 sendo realizado a pedido do ministro F\u00e1bio Faria e pelo reconhecimento dos servi\u00e7os prestados pelas r\u00e1dios AMs desde a chegada do R\u00e1dio no Brasil. &#8220;Esse \u00e9 um reconhecimento que temos das r\u00e1dios AM dos grandes centros, que foram as primeiras esta\u00e7\u00f5es de radiodifus\u00e3o que existiram no pa\u00eds. Elas que come\u00e7aram o setor de radiodifus\u00e3o, que depois passou a contar com a TV. Por isso, nosso esfor\u00e7o em atende-las no dial FM&#8221;, disse.<\/p>\n<p style=\"text-align: justify;\" data-fetch=\"true\">Por fim, Martinh\u00e3o esclarece que, mesmo diante do intenso trabalho realizado, o n\u00famero de canais pode n\u00e3o ser o suficiente para atender a todas as emissoras restantes. &#8220;\u00c9 importante que a gente realize esse esfor\u00e7o e \u00e9 isso que estou pautando enquanto secret\u00e1rio. O esfor\u00e7o de encontrar o maior n\u00famero de canais poss\u00edveis na faixa tradicional de FM para fazer a migra\u00e7\u00e3o dessas esta\u00e7\u00f5es. Posteriormente, n\u00f3s faremos o trabalho de povoar o dial FM estendido se n\u00e3o conseguir \u00eaxito para acolher a todas no dial tradicional&#8221;, concluiu. O secret\u00e1rio ainda fez um agradecimento especial aos t\u00e9cnicos que est\u00e3o atuando nessa \u00e1rea, tanto os da iniciativa privada quanto os profissionais da Anatel e a equipe do Mcom.<\/p>\n<p style=\"text-align: justify;\" data-fetch=\"true\">O engenheiro Eduardo Cappia (EMC\/SET\/AESP) ressaltou a boa vontade do MCom, juntamente com a Anatel, em aproveitar ao m\u00e1ximo a canaliza\u00e7\u00e3o do dial FM convencional. &#8220;A participa\u00e7\u00e3o do minist\u00e9rio \u00e9 fundamental por conta da libera\u00e7\u00e3o de canais vagos ou mesmo que ainda n\u00e3o tenham estejam em licita\u00e7\u00f5es&#8221;, ressaltou. De acordo com Cappia, as reuni\u00f5es com as associa\u00e7\u00f5es ser\u00e3o semanais e a AESP vai realizar a protocoliza\u00e7\u00e3o de mais 30 canais para a migra\u00e7\u00e3o AM\/FM para o estado de S\u00e3o Paulo.<\/p>\n<p style=\"text-align: justify;\" data-fetch=\"true\">Fonte: Tudor\u00e1dio<\/p>\n","protected":false},"excerpt":{"rendered":"<p>O secret\u00e1rio de Radiodifus\u00e3o do Minist\u00e9rio das Comunica\u00e7\u00f5es (MCom), Maximiliano&hellip;<\/p>\n<p> <a class=\"more-link\" href=\"https:\/\/sertsc.org.br\/site\/ministerio-das-comunicacoes-e-anatel-atuam-com-associacoes-de-radiodifusao-para-migracao-am-fm-no-dial-convencional\/\">Leia mais<\/a><\/p>\n","protected":false},"author":1,"featured_media":14559,"comment_status":"open","ping_status":"open","sticky":false,"template":"","format":"standard","meta":{"footnotes":""},"categories":[33],"tags":[],"class_list":{"0":"post-14558","1":"post","2":"type-post","3":"status-publish","4":"format-standard","5":"has-post-thumbnail","7":"category-destaques"},"_links":{"self":[{"href":"https:\/\/sertsc.org.br\/site\/wp-json\/wp\/v2\/posts\/14558","targetHints":{"allow":["GET"]}}],"collection":[{"href":"https:\/\/sertsc.org.br\/site\/wp-json\/wp\/v2\/posts"}],"about":[{"href":"https:\/\/sertsc.org.br\/site\/wp-json\/wp\/v2\/types\/post"}],"author":[{"embeddable":true,"href":"https:\/\/sertsc.org.br\/site\/wp-json\/wp\/v2\/users\/1"}],"replies":[{"embeddable":true,"href":"https:\/\/sertsc.org.br\/site\/wp-json\/wp\/v2\/comments?post=14558"}],"version-history":[{"count":0,"href":"https:\/\/sertsc.org.br\/site\/wp-json\/wp\/v2\/posts\/14558\/revisions"}],"wp:featuredmedia":[{"embeddable":true,"href":"https:\/\/sertsc.org.br\/site\/wp-json\/"}],"wp:attachment":[{"href":"https:\/\/sertsc.org.br\/site\/wp-json\/wp\/v2\/media?parent=14558"}],"wp:term":[{"taxonomy":"category","embeddable":true,"href":"https:\/\/sertsc.org.br\/site\/wp-json\/wp\/v2\/categories?post=14558"},{"taxonomy":"post_tag","embeddable":true,"href":"https:\/\/sertsc.org.br\/site\/wp-json\/wp\/v2\/tags?post=14558"}],"curies":[{"name":"wp","href":"https:\/\/api.w.org\/{rel}","templated":true}]}}