{"id":14547,"date":"2021-01-28T16:45:33","date_gmt":"2021-01-28T19:45:33","guid":{"rendered":"https:\/\/www.sertsc.org.br\/site\/?p=14547"},"modified":"2021-01-28T16:45:33","modified_gmt":"2021-01-28T19:45:33","slug":"nova-diretoria-do-sindicato-das-empresas-de-radio-e-tv-do-rs-toma-posse","status":"publish","type":"post","link":"https:\/\/sertsc.org.br\/site\/nova-diretoria-do-sindicato-das-empresas-de-radio-e-tv-do-rs-toma-posse\/","title":{"rendered":"Nova diretoria do Sindicato das Empresas de R\u00e1dio e TV do RS toma posse"},"content":{"rendered":"<div class=\"uk-margin-remove-vertical\">\n<p style=\"text-align: justify;\">O SindiR\u00e1dio &#8211; Sindicato das Empresas de R\u00e1dio e TV do Rio Grande do Sul &#8211; tem nova diretoria para o tri\u00eanio 2021-2024. Em cerim\u00f4nia reservada na tarde de quarta-feira (27), a ent\u00e3o presidente Christina Gadret passou o cargo para Roberto Cervo Mel\u00e3o, que tamb\u00e9m preside a Associa\u00e7\u00e3o Ga\u00facha de Emissoras de R\u00e1dio e Televis\u00e3o (Agert) e \u00e9 vice-presidente da Associa\u00e7\u00e3o Brasileira de Emissoras de R\u00e1dio e TV (ABERT).<\/p>\n<p style=\"text-align: justify;\">Christina Gadret foi a primeira mulher e a mais jovem presidente a assumir o comando do Sindicato, em 2018, e afirmou em seu discurso que, ao assumir o SindiR\u00e1dio, n\u00e3o imaginava que seria um mandato t\u00e3o intenso. \u201cLogo no in\u00edcio tivemos que adequar nossas negocia\u00e7\u00f5es coletivas \u00e0 Reforma Trabalhista de 2017, bem como \u00e0s mudan\u00e7as na Lei dos Radialistas, em 2018. E fizemos todas as negocia\u00e7\u00f5es de forma muito assertiva. Tivemos depois a greve dos caminhoneiros, que paralisou a economia em 2019, um baque para o setor empresarial. E, depois, em 2020, veio a pandemia, que ainda estamos vivendo. Todas essas situa\u00e7\u00f5es fizeram com que o nosso Sindicato tivesse uma import\u00e2ncia ainda maior, e agora posso dizer que fizemos um \u00f3timo trabalho e ele n\u00e3o poderia ter sido feito de forma t\u00e3o assertiva se n\u00e3o em conjunto com a nossa diretoria\u201d, afirmou. Christina ainda agradeceu pela confian\u00e7a das 331 empresas de R\u00e1dio e de TV de todo o Rio Grande do Sul que s\u00e3o representadas pela entidade.<\/p>\n<p style=\"text-align: justify;\">O novo presidente do SindiR\u00e1dio, Roberto Cervo Mel\u00e3o, elogiou a gest\u00e3o de Christina Gadret \u00e0 frente do Sindicato e falou da sua paix\u00e3o pela radiodifus\u00e3o. \u201cN\u00f3s somos apaixonados por aquilo que fazemos e \u00e9 por isso que as coisas andam e acontecem, \u00e9 por isso que somos respeitados. A nossa credibilidade \u00e9 imbat\u00edvel e n\u00e3o vem pelo acaso, vem pelo trabalho\u201d, afirmou. Mel\u00e3o tamb\u00e9m falou diretamente para a diretoria, parceiros do SindiR\u00e1dio e aos ex-presidentes, em especial Ary Flor\u00eancio Cauduro dos Santos, que estava prestigiando o evento, al\u00e9m de expressar sua preocupa\u00e7\u00e3o com as emissoras de R\u00e1dio e TV em decorr\u00eancia da pandemia. \u201cEnt\u00e3o, meu amigos, com o SindiR\u00e1dio, que nas m\u00e3os do Ary foi brilhante e na forma guerreira da Christina, quero continuar aprendendo\u201d, ressaltou.<\/p>\n<p style=\"text-align: justify;\">Roberto Cervo Mel\u00e3o assume a presid\u00eancia do SindiR\u00e1dio com a experi\u00eancia adquirida em anos de atua\u00e7\u00e3o no setor da radiodifus\u00e3o, al\u00e9m de sua larga vis\u00e3o do setor, com grande representatividade frente \u00e0s autoridades do poder Executivo, Legislativo e Judici\u00e1rio, bem como no meio empresarial. Fica assim, ent\u00e3o, constitu\u00edda a nova diretoria para o tri\u00eanio 2021-2024:<\/p>\n<p style=\"text-align: justify;\">Roberto Cervo Mel\u00e3o \u2013 Presidente<\/p>\n<p style=\"text-align: justify;\">Rafael Gadret \u2013 Vice-Presidente Administrativo<\/p>\n<p style=\"text-align: justify;\">S\u00e9rgio A. Mallmann \u2013 Vice-Presidente Institucional<\/p>\n<p style=\"text-align: justify;\">Ant\u00f4nio Alberto Lucca \u2013 Vice-Presidente de Desenvolvimento e Gest\u00e3o<\/p>\n<p style=\"text-align: justify;\">Aur\u00e9lio Lemos Clasen \u2013 Secret\u00e1rio<\/p>\n<p style=\"text-align: justify;\">Edison Lopes de Bem \u2013 Tesoureiro<\/p>\n<p style=\"text-align: justify;\">Gabriel Roberto Casara &#8211; Suplente Diretoria<\/p>\n<p style=\"text-align: justify;\">Miguel Puretz Neto &#8211; Suplente Diretoria<\/p>\n<p style=\"text-align: justify;\">Renato Gatti de Albuquerque &#8211; Suplente Diretoria<\/p>\n<p style=\"text-align: justify;\">Edgar Marques Martinez &#8211; Suplente Diretoria<\/p>\n<p style=\"text-align: justify;\">Kamal Zuheir Badra &#8211; Conselho Fiscal<\/p>\n<p style=\"text-align: justify;\">Lauri Brietzke &#8211; Conselho Fiscal<\/p>\n<p style=\"text-align: justify;\">Carlos Reinaldo C. Fonseca &#8211; Conselho Fiscal<\/p>\n<p style=\"text-align: justify;\">Andr\u00e9 Lu\u00eds Jungblut &#8211; Suplente Conselho Fiscal<\/p>\n<p style=\"text-align: justify;\">Verdi Ubiratan de Moura &#8211; Suplente Conselho Fiscal<\/p>\n<p style=\"text-align: justify;\">Itamar Jacob Belin &#8211; Suplente Conselho Fiscal<\/p>\n<p style=\"text-align: justify;\">Representantes Efetivos Perante Entidades Superiores: Gabriel Roberto Casara (Setor de Televis\u00e3o), Leonardo Meneghetti (Suplente Setor de Televis\u00e3o), Roberto Cervo (Setor de R\u00e1dio) e Lu\u00eds Fernando Santos Cardoso (Suplente Setor de R\u00e1dio).<\/p>\n<\/div>\n<div class=\"uk-margin-small\" style=\"text-align: justify;\"><span class=\"prefix\">Fonte:<\/span>\u00a0SindiR\u00e1dio<\/div>\n","protected":false},"excerpt":{"rendered":"<p>O SindiR\u00e1dio &#8211; Sindicato das Empresas de R\u00e1dio e TV&hellip;<\/p>\n<p> <a class=\"more-link\" href=\"https:\/\/sertsc.org.br\/site\/nova-diretoria-do-sindicato-das-empresas-de-radio-e-tv-do-rs-toma-posse\/\">Leia mais<\/a><\/p>\n","protected":false},"author":1,"featured_media":14552,"comment_status":"open","ping_status":"open","sticky":false,"template":"","format":"standard","meta":{"footnotes":""},"categories":[1,3],"tags":[],"class_list":{"0":"post-14547","1":"post","2":"type-post","3":"status-publish","4":"format-standard","5":"has-post-thumbnail","7":"category-geral","8":"category-noticias"},"_links":{"self":[{"href":"https:\/\/sertsc.org.br\/site\/wp-json\/wp\/v2\/posts\/14547","targetHints":{"allow":["GET"]}}],"collection":[{"href":"https:\/\/sertsc.org.br\/site\/wp-json\/wp\/v2\/posts"}],"about":[{"href":"https:\/\/sertsc.org.br\/site\/wp-json\/wp\/v2\/types\/post"}],"author":[{"embeddable":true,"href":"https:\/\/sertsc.org.br\/site\/wp-json\/wp\/v2\/users\/1"}],"replies":[{"embeddable":true,"href":"https:\/\/sertsc.org.br\/site\/wp-json\/wp\/v2\/comments?post=14547"}],"version-history":[{"count":0,"href":"https:\/\/sertsc.org.br\/site\/wp-json\/wp\/v2\/posts\/14547\/revisions"}],"wp:featuredmedia":[{"embeddable":true,"href":"https:\/\/sertsc.org.br\/site\/wp-json\/"}],"wp:attachment":[{"href":"https:\/\/sertsc.org.br\/site\/wp-json\/wp\/v2\/media?parent=14547"}],"wp:term":[{"taxonomy":"category","embeddable":true,"href":"https:\/\/sertsc.org.br\/site\/wp-json\/wp\/v2\/categories?post=14547"},{"taxonomy":"post_tag","embeddable":true,"href":"https:\/\/sertsc.org.br\/site\/wp-json\/wp\/v2\/tags?post=14547"}],"curies":[{"name":"wp","href":"https:\/\/api.w.org\/{rel}","templated":true}]}}