{"id":14543,"date":"2021-01-28T16:40:26","date_gmt":"2021-01-28T19:40:26","guid":{"rendered":"https:\/\/www.sertsc.org.br\/site\/?p=14543"},"modified":"2021-01-28T16:40:26","modified_gmt":"2021-01-28T19:40:26","slug":"levantamento-da-fenaj-mostra-que-2020-registrou-428-casos-de-ataque-a-liberdade-de-imprensa-no-brasil","status":"publish","type":"post","link":"https:\/\/sertsc.org.br\/site\/levantamento-da-fenaj-mostra-que-2020-registrou-428-casos-de-ataque-a-liberdade-de-imprensa-no-brasil\/","title":{"rendered":"Levantamento da FENAJ mostra que 2020 registrou 428 casos de ataque \u00e0 liberdade de imprensa no Brasil"},"content":{"rendered":"<p style=\"text-align: justify;\">A Federa\u00e7\u00e3o Nacional dos Jornalistas (Fenaj) divulgou ontem o relat\u00f3rio Viol\u00eancia Contra Jornalistas e Liberdade de Imprensa no Brasil. Segundo a federa\u00e7\u00e3o, o ano passado foram registrados 428 casos de ataques \u00e0 liberdade de imprensa. Com isso, 2020 foi o ano mais violento desde o in\u00edcio do levantamento na d\u00e9cada de 1990, de acordo com o publicado.<\/p>\n<p style=\"text-align: justify;\">&#8220;A explos\u00e3o de casos est\u00e1 associada \u00e0 sistem\u00e1tica a\u00e7\u00e3o do presidente da Rep\u00fablica, Jair Bolsonaro, para descredibilizar a imprensa e \u00e0 a\u00e7\u00e3o de seus apoiadores contra ve\u00edculos de comunica\u00e7\u00e3o social e contra os jornalistas. Ela come\u00e7ou em 2019 e agravou-se em 2020, quando a cobertura jornal\u00edstica da pandemia provocada pelo novo coronav\u00edrus foi pretexto para dezenas de ataques do presidente e dos que o seguiram na nega\u00e7\u00e3o da crise sanit\u00e1ria&#8221;, ressalta o relat\u00f3rio.<\/p>\n<p style=\"text-align: justify;\">Ainda de acordo com as informa\u00e7\u00f5es da Fenaj, o levantamento mostra que Bolsonaro foi respons\u00e1vel por 175 casos, o que corresponde a cerca de 41% dos ataques. Ele cometeu, segundo a Fenaj, 145 casos de descredibiliza\u00e7\u00e3o da imprensa, 26 agress\u00f5es verbais, duas amea\u00e7as diretas e dois ataques \u00e0 Fenaj.<\/p>\n<p style=\"text-align: justify;\">Tanto em 2019, quanto em 2020 houve dois assassinatos e dois casos de racismo. O relat\u00f3rio afirma que &#8220;o registro de duas mortes de jornalistas, por dois anos seguidos, \u00e9 evid\u00eancia concreta de que h\u00e1 inseguran\u00e7a&#8221; para o exerc\u00edcio profissional.<\/p>\n<p style=\"text-align: justify;\">Os jornalistas assassinados foram L\u00e9o Veras, que denunciava o crime organizado na fronteira com o Paraguai, e Edney Neves, que trabalhava na campanha \u00e0 reelei\u00e7\u00e3o da Prefeitura de Peixoto de Azevedo, no Mato Grosso, e relatou que recebia amea\u00e7as.<\/p>\n<p style=\"text-align: justify;\">O relat\u00f3rio destaca ainda o aumento de censura (750%) e de agress\u00f5es verbais\/ataques virtuais (280%) de um ano para o outro. Estas, segundo o levantamento, cresceram com o incentivo do presidente. &#8220;Jornalistas passaram a ser agredidos por populares nas ruas e os ataques virtuais, por meio de redes sociais e aplicativos de mensagens, tornaram-se comuns. Apesar do aumento significativo, \u00e9 muito prov\u00e1vel que ainda haja subnotifica\u00e7\u00e3o dos casos, porque muitos profissionais n\u00e3o chegam a denunciar o ataque sofrido&#8221;, diz o relat\u00f3rio.<\/p>\n<p style=\"text-align: justify;\">\n<p style=\"text-align: justify;\">Fonte: Tudor\u00e1dio<\/p>\n","protected":false},"excerpt":{"rendered":"<p>A Federa\u00e7\u00e3o Nacional dos Jornalistas (Fenaj) divulgou ontem o relat\u00f3rio&hellip;<\/p>\n<p> <a class=\"more-link\" href=\"https:\/\/sertsc.org.br\/site\/levantamento-da-fenaj-mostra-que-2020-registrou-428-casos-de-ataque-a-liberdade-de-imprensa-no-brasil\/\">Leia mais<\/a><\/p>\n","protected":false},"author":1,"featured_media":14544,"comment_status":"open","ping_status":"open","sticky":false,"template":"","format":"standard","meta":{"footnotes":""},"categories":[3],"tags":[],"class_list":{"0":"post-14543","1":"post","2":"type-post","3":"status-publish","4":"format-standard","5":"has-post-thumbnail","7":"category-noticias"},"_links":{"self":[{"href":"https:\/\/sertsc.org.br\/site\/wp-json\/wp\/v2\/posts\/14543","targetHints":{"allow":["GET"]}}],"collection":[{"href":"https:\/\/sertsc.org.br\/site\/wp-json\/wp\/v2\/posts"}],"about":[{"href":"https:\/\/sertsc.org.br\/site\/wp-json\/wp\/v2\/types\/post"}],"author":[{"embeddable":true,"href":"https:\/\/sertsc.org.br\/site\/wp-json\/wp\/v2\/users\/1"}],"replies":[{"embeddable":true,"href":"https:\/\/sertsc.org.br\/site\/wp-json\/wp\/v2\/comments?post=14543"}],"version-history":[{"count":0,"href":"https:\/\/sertsc.org.br\/site\/wp-json\/wp\/v2\/posts\/14543\/revisions"}],"wp:featuredmedia":[{"embeddable":true,"href":"https:\/\/sertsc.org.br\/site\/wp-json\/"}],"wp:attachment":[{"href":"https:\/\/sertsc.org.br\/site\/wp-json\/wp\/v2\/media?parent=14543"}],"wp:term":[{"taxonomy":"category","embeddable":true,"href":"https:\/\/sertsc.org.br\/site\/wp-json\/wp\/v2\/categories?post=14543"},{"taxonomy":"post_tag","embeddable":true,"href":"https:\/\/sertsc.org.br\/site\/wp-json\/wp\/v2\/tags?post=14543"}],"curies":[{"name":"wp","href":"https:\/\/api.w.org\/{rel}","templated":true}]}}