{"id":14537,"date":"2021-01-26T09:45:24","date_gmt":"2021-01-26T12:45:24","guid":{"rendered":"https:\/\/www.sertsc.org.br\/site\/?p=14537"},"modified":"2021-01-26T09:45:24","modified_gmt":"2021-01-26T12:45:24","slug":"alcance-do-radio-cresce-pela-terceira-vez-consecutiva-sao-paulo-segue-com-19-fms-acima-de-1-milhao-de-ouvintes-cada","status":"publish","type":"post","link":"https:\/\/sertsc.org.br\/site\/alcance-do-radio-cresce-pela-terceira-vez-consecutiva-sao-paulo-segue-com-19-fms-acima-de-1-milhao-de-ouvintes-cada\/","title":{"rendered":"Alcance do r\u00e1dio cresce pela terceira vez consecutiva. S\u00e3o Paulo segue com 19 FMs acima de 1 milh\u00e3o de ouvintes cada"},"content":{"rendered":"<p style=\"text-align: justify;\">Se depender do alcance das r\u00e1dios FMs de S\u00e3o Paulo, o mercado continuar\u00e1 com not\u00edcias positivas. No dia do anivers\u00e1rio da capital paulista, 25 de janeiro, o tudoradio.com destaca o novo avan\u00e7o visto na medi\u00e7\u00e3o realizada pela Kantar Ibope Media, referente ao alcance das emissoras. Trata-se da terceira alta consecutiva registrada nos alcances de 30 e 90 dias. Tamb\u00e9m h\u00e1 a manuten\u00e7\u00e3o da marca de 19 FMs impactando mais de 1 milh\u00e3o de ouvintes diferentes em cada esta\u00e7\u00e3o. Acompanhe (05h-00h\/FM+WEB\/todos os dias e locais\/trimestre outubro a dezembro de 2020)<\/p>\n<p style=\"text-align: justify;\">No geral, o alcance do r\u00e1dio FM de S\u00e3o Paulo mostrou uma certa estabilidade ao logo de 2020, o que \u00e9 um fato positivo, j\u00e1 que houve uma mudan\u00e7a dr\u00e1stica na rotina da popula\u00e7\u00e3o devido \u00e0 pandemia do novo coronav\u00edrus. Os deslocamentos foram restritos e o consumo de m\u00eddia digital foi impulsionado. Mesmo assim, o alcance do meio manteve o mesmo patamar do come\u00e7o de 2020, mas com algumas diferen\u00e7as: o n\u00famero de pessoas impactadas pelas principais emissoras aumentou.<\/p>\n<p style=\"text-align: justify;\">Por exemplo: no trimestre outubro a dezembro de 2019, conhecido pelo mercado em janeiro de 2020, eram 17 FMs acima da marca de 1 milh\u00e3o de pessoas em seus respectivos alcances (30 e 90 dias). Agora s\u00e3o 19. Outra diferen\u00e7a: tr\u00eas r\u00e1dios costumavam a ficar acima dos 2 milh\u00f5es de ouvintes alcan\u00e7ados. Agora s\u00e3o 4 (chegou a ser 5 nas medi\u00e7\u00f5es anteriores) e com mais duas FMs pr\u00f3ximas dessa marca.<\/p>\n<p style=\"text-align: justify;\">O Grupo Bandeirantes contribuiu diretamente nesses avan\u00e7os: jogou suas duas r\u00e1dios jornal\u00edsticas (BandNews FM 96.9 e R\u00e1dio Bandeirantes FM 90.9) acima da marca de 1 milh\u00e3o em 30 e 90 dias (05h-00h\/FM+WEB\/todos os dias e locais) e a Nativa FM 95.3 acima de 2 milh\u00f5es, r\u00e1dio que est\u00e1 estabilizada nesta condi\u00e7\u00e3o, junto com Band FM 96.1 (l\u00edder), Jovem Pan FM 100.9 e Alpha FM 101.7.<\/p>\n<p style=\"text-align: justify;\">A maioria das primeiras colocadas finalizaram o ano de 2020 com alcances superiores aos n\u00fameros observados no fechamento de 2019. S\u00e3o elas: as j\u00e1 citadas Band FM, Jovem Pan FM e Nativa FM, e tamb\u00e9m a sequ\u00eancia com Metropolitana FM 98.5, R\u00e1dio Mix FM 106.3, R\u00e1dio Disney FM 91.3, Transcontinental FM 104.7, Transam\u00e9rica FM 100.1, NovaBrasil FM 89.7, CBN FM 90.5, Kiss FM 92.5, BandNews FM e R\u00e1dio Bandeirantes.<\/p>\n<p style=\"text-align: justify;\" data-fetch=\"true\">Por\u00e9m, seria uma an\u00e1lise injusta com as outras FMs n\u00e3o citadas acima dizer que o cen\u00e1rio \u00e9 negativo para elas. Pelo contr\u00e1rio: o grupo que integra a lista das &#8220;19&#8221; ostenta uma certa estabilidade em seus n\u00fameros entre os dois per\u00edodos analisados, com o detalhe que essas r\u00e1dios j\u00e1 contaram com \u00edndices hist\u00f3ricos no in\u00edcio de 2020. Isso manteve a relev\u00e2ncia do r\u00e1dio perante a popula\u00e7\u00e3o, mesmo com as mudan\u00e7as de h\u00e1bitos for\u00e7adas pela pandemia do novo coronav\u00edrus.<\/p>\n<p style=\"text-align: justify;\"><strong>Alcance?<\/strong><\/p>\n<p style=\"text-align: justify;\">O alcance \u00e9 o n\u00famero de pessoas diferentes que ouviram uma determinada emissora por pelo menos 1 minuto, em um per\u00edodo de tempo definido. Na determina\u00e7\u00e3o do alcance n\u00e3o \u00e9 levado em conta o tempo que cada indiv\u00edduo dedicou \u00e0 emissora.<\/p>\n<p style=\"text-align: justify;\">O dado \u00e9 muito utilizado pelo mercado para medir a for\u00e7a de marca e a efici\u00eancia dos resultados de a\u00e7\u00f5es promocionais e de comunica\u00e7\u00e3o, tamb\u00e9m auxiliando diretamente na defesa comercial do meio r\u00e1dio.<\/p>\n<p style=\"text-align: justify;\">A partir de pedidos de profissionais de v\u00e1rias regi\u00f5es brasileiras, o tudoradio.com acompanhar\u00e1 com mais frequ\u00eancia a evolu\u00e7\u00e3o do alcance do r\u00e1dio no Brasil, tendo como base o per\u00edodo 05h-00h (FM+WEB\/todos os dias e locais), considerando o alcance 30 dias e tamb\u00e9m o m\u00e1ximo (90 dias).<\/p>\n<p style=\"text-align: justify;\">Como ele exp\u00f5e o impacto do meio r\u00e1dio e de uma determinada marca na popula\u00e7\u00e3o, atualmente o alcance \u00e9 lembrado como algo mais pr\u00f3ximo dos valores utilizados por plataformas digitais, como n\u00fameros de visitantes \u00fanicos, alcances e engajamentos (que dificilmente consideram m\u00e9dias de audi\u00eancia).<\/p>\n<p style=\"text-align: justify;\"><strong>Retorno do &#8220;face to face&#8221; na pesquisa<\/strong><\/p>\n<p style=\"text-align: justify;\" data-fetch=\"true\">A medi\u00e7\u00e3o atual tamb\u00e9m cobre um trimestre cheio do retorno do &#8220;face to face&#8221;. Desde o dia 20 de mar\u00e7o do ano passado, a pesquisa n\u00e3o estava contando com entrevistas presenciais devido a pandemia do novo coronav\u00edrus, sendo substitu\u00eddas por entrevistas feitas via telefone e internet.<\/p>\n<p style=\"text-align: justify;\">A pandemia do novo coronav\u00edrus impediu que pesquisadores sa\u00edssem \u00e0s ruas para fazer as entrevistas, assim como ocorreu com pesquisas de outros institutos e\/ou sobre outros temas analisados.\u00a0A normaliza\u00e7\u00e3o foi iniciada no banco de setembro de 2020, com o retorno da modalidade &#8220;face to face&#8221;, impactando assim de forma parcial nas \u00faltimas atualiza\u00e7\u00f5es.<\/p>\n<p>&nbsp;<\/p>\n<figure style=\"width: 700px\" class=\"wp-caption aligncenter\"><img fetchpriority=\"high\" decoding=\"async\" src=\"https:\/\/tudoradio.com\/img\/uploads\/noticias\/600e461074c64.jpg\" alt=\"\" width=\"700\" height=\"467\" \/><figcaption class=\"wp-caption-text\">Regi\u00e3o da Ponte Estaiada (Oct\u00e1vio Frias de Oliveira), na Marginal Pinheiros. S\u00e3o Paulo completa 467 anos nesta segunda-feira (25) \/ Cr\u00e9dito: depositphotos.com<\/figcaption><\/figure>\n<p style=\"text-align: justify;\" data-fetch=\"true\">\n<p style=\"text-align: justify;\"><strong>Importante: entenda o ranking\u2026<\/strong><\/p>\n<p style=\"text-align: justify;\">A medi\u00e7\u00e3o realizada pelo Kantar Ibope Media conta com v\u00e1rios cen\u00e1rios diferentes. Desde 2007 o tudoradio.com mostra a evolu\u00e7\u00e3o do meio FM na m\u00e9dia de audi\u00eancia por minuto das esta\u00e7\u00f5es medidas, tendo o 05h-00h (todos os dias e locais) como base.<\/p>\n<p style=\"text-align: justify;\">Para algumas emissoras \u00e9 importante estar entre os maiores volumes de audi\u00eancia (que \u00e9 a composi\u00e7\u00e3o de alcance com tempo m\u00e9dio), mas para outras o foco \u00e9 estar bem posicionada dentro de seu formato e\/ou p\u00fablico-alvo, situa\u00e7\u00f5es que v\u00e3o determinar as estrat\u00e9gias de cada esta\u00e7\u00e3o.<\/p>\n<p style=\"text-align: justify;\">Tamb\u00e9m \u00e9 importante considerar que a m\u00e9dia de ouvintes por minuto \u00e9 um dos dados considerados pelo mercado. A pesquisa conta com outros \u00edndices e valores, como share (partilha do meio FM\/AM entre as r\u00e1dios medidas, esta que tamb\u00e9m conta com cen\u00e1rios diversos), \u00edndice absoluto de audi\u00eancia, alcance (total de ouvintes diferentes impactados pela r\u00e1dio durante um determinado per\u00edodos de tempo, dado que tem um peso semelhante \u00e0 m\u00e9dia de audi\u00eancia), afinidade, sobreposi\u00e7\u00f5es, entre outros dados e cen\u00e1rios.<\/p>\n<p style=\"text-align: justify;\">Todos esses recortes, seja da audi\u00eancia, alcance, afinidade, entre outros dados, ajudam nos planejamentos art\u00edstico, promocional e comercial do mercado.<\/p>\n<p style=\"text-align: justify;\">Cerca de 40 FMs s\u00e3o medidas na atual pesquisa de audi\u00eancia da Grande S\u00e3o Paulo.<\/p>\n<p style=\"text-align: justify;\"><strong>Sinais em FM<\/strong>\u00a0&#8211; Ou\u00e7a on-line e veja a lista completa de r\u00e1dios captadas na Grande S\u00e3o Paulo:\u00a0<strong><a href=\"https:\/\/tudoradio.com\/dials\/regiao\/1-grande-sao-paulo\">clique aqui<\/a><\/strong>.<\/p>\n<p>&nbsp;<\/p>\n<p>Fonte: Tudor\u00e1dio<\/p>\n","protected":false},"excerpt":{"rendered":"<p>Se depender do alcance das r\u00e1dios FMs de S\u00e3o Paulo,&hellip;<\/p>\n<p> <a class=\"more-link\" href=\"https:\/\/sertsc.org.br\/site\/alcance-do-radio-cresce-pela-terceira-vez-consecutiva-sao-paulo-segue-com-19-fms-acima-de-1-milhao-de-ouvintes-cada\/\">Leia mais<\/a><\/p>\n","protected":false},"author":1,"featured_media":14538,"comment_status":"open","ping_status":"open","sticky":false,"template":"","format":"standard","meta":{"footnotes":""},"categories":[3],"tags":[],"class_list":{"0":"post-14537","1":"post","2":"type-post","3":"status-publish","4":"format-standard","5":"has-post-thumbnail","7":"category-noticias"},"_links":{"self":[{"href":"https:\/\/sertsc.org.br\/site\/wp-json\/wp\/v2\/posts\/14537","targetHints":{"allow":["GET"]}}],"collection":[{"href":"https:\/\/sertsc.org.br\/site\/wp-json\/wp\/v2\/posts"}],"about":[{"href":"https:\/\/sertsc.org.br\/site\/wp-json\/wp\/v2\/types\/post"}],"author":[{"embeddable":true,"href":"https:\/\/sertsc.org.br\/site\/wp-json\/wp\/v2\/users\/1"}],"replies":[{"embeddable":true,"href":"https:\/\/sertsc.org.br\/site\/wp-json\/wp\/v2\/comments?post=14537"}],"version-history":[{"count":0,"href":"https:\/\/sertsc.org.br\/site\/wp-json\/wp\/v2\/posts\/14537\/revisions"}],"wp:featuredmedia":[{"embeddable":true,"href":"https:\/\/sertsc.org.br\/site\/wp-json\/"}],"wp:attachment":[{"href":"https:\/\/sertsc.org.br\/site\/wp-json\/wp\/v2\/media?parent=14537"}],"wp:term":[{"taxonomy":"category","embeddable":true,"href":"https:\/\/sertsc.org.br\/site\/wp-json\/wp\/v2\/categories?post=14537"},{"taxonomy":"post_tag","embeddable":true,"href":"https:\/\/sertsc.org.br\/site\/wp-json\/wp\/v2\/tags?post=14537"}],"curies":[{"name":"wp","href":"https:\/\/api.w.org\/{rel}","templated":true}]}}