{"id":14523,"date":"2021-01-25T08:31:27","date_gmt":"2021-01-25T11:31:27","guid":{"rendered":"https:\/\/www.sertsc.org.br\/site\/?p=14523"},"modified":"2021-01-25T08:31:27","modified_gmt":"2021-01-25T11:31:27","slug":"chip-fm-fortalecimento-do-radio-livre-gratuito-e-democratico","status":"publish","type":"post","link":"https:\/\/sertsc.org.br\/site\/chip-fm-fortalecimento-do-radio-livre-gratuito-e-democratico\/","title":{"rendered":"Chip FM: fortalecimento do r\u00e1dio livre, gratuito e democr\u00e1tico"},"content":{"rendered":"<p style=\"text-align: justify;\">A declara\u00e7\u00e3o do ministro das Comunica\u00e7\u00f5es F\u00e1bio Faria sobre a ativa\u00e7\u00e3o do chip FM nos aparelhos celulares produzidos no Brasil foi bem recebida pela radiodifus\u00e3o, que destaca os benef\u00edcios da medida: com o desbloqueio do dispositivo nos smartphones, os consumidores poder\u00e3o receber o sinal das emissoras de r\u00e1dio pelo ar, sem a utiliza\u00e7\u00e3o do pacote de dados oferecido pelas operadoras.<\/p>\n<p style=\"text-align: justify;\">\u201cEstamos fazendo o r\u00e1dio no celular. Para cada telefone fabricado no Brasil, vem o r\u00e1dio de gra\u00e7a sem precisar instalar pelo WiFi ou plano de dados\u201d, afirmou Faria em evento promovido pela Tribuna de Comunica\u00e7\u00e3o e Fecom\u00e9rcio, em Natal (RN), na sexta-feira (15).<\/p>\n<p style=\"text-align: justify;\">Como a maioria dos modelos de celulares j\u00e1 possui o chip FM instalado, a ativa\u00e7\u00e3o do dispositivo permitir\u00e1 o acesso gratuito \u00e0 informa\u00e7\u00e3o, entretenimento e servi\u00e7os veiculados por r\u00e1dios de todo o Brasil.<\/p>\n<p style=\"text-align: justify;\">\u201cA pandemia acelerou o uso de plataformas digitais e o r\u00e1dio \u00e9 potencializado por elas. A ativa\u00e7\u00e3o seria a consagra\u00e7\u00e3o do casamento perfeito entre o r\u00e1dio e os novos devices\u201d, destaca o professor Fernando Morgado.<\/p>\n<p style=\"text-align: justify;\">Para ele, \u201ca medida refor\u00e7a o esp\u00edrito livre, aberto, gratuito e democr\u00e1tico do meio, e a n\u00e3o ativa\u00e7\u00e3o, por outro lado, representa o impedimento de direito, j\u00e1 que o r\u00e1dio presta um servi\u00e7o p\u00fablico \u00e0 comunidade\u201d.<\/p>\n<p style=\"text-align: justify;\">Com o intuito de defender a ativa\u00e7\u00e3o do chip, desde 2014, a ABERT vem promovendo campanhas que estimulam o consumidor a escolher modelos de aparelhos celulares que tenham o chip integrado. A mais recente, \u201cSmart \u00e9 ter r\u00e1dio de gra\u00e7a no celular\u201d, lan\u00e7ada em setembro do ano passado, disponibiliza dois v\u00eddeos, quatro spots e diversos banners para as emissoras interessadas em aderir \u00e0 causa.\u00a0<strong><a href=\"https:\/\/www.abert.org.br\/web\/notmenu\/dia-nacional-do-radio-abert-lanca-campanha-pelo-chip-fm-nos-celulares.html\">(AQUI)<\/a><\/strong><\/p>\n<p style=\"text-align: justify;\">Em 2016, a Associa\u00e7\u00e3o das Emissoras de Radiodifus\u00e3o do Paran\u00e1 (AERP) tamb\u00e9m deu in\u00edcio \u00e0 campanha \u201cRadiophone\u201d, com a mensagem de que o r\u00e1dio no celular \u00e9 um direito de todos.<\/p>\n<p style=\"text-align: justify;\">\u201cO chip de r\u00e1dio no celular \u00e9 uma medida que beneficia a sociedade, ampliando alcance, garantindo o acesso \u00e0 informa\u00e7\u00e3o, cultura e lazer em localidades remotas ou com d\u00e9ficit de sinal, al\u00e9m de ampliar a vida \u00fatil da bateria dos aparelhos e gerar economia no uso de pacote de dados\u201d, afirma o presidente da AERP, Michel Micheleto.<\/p>\n<p style=\"text-align: justify;\">Para o diretor de R\u00e1dio da ABERT, Andr\u00e9 Cintra, a ativa\u00e7\u00e3o do dispositivo trar\u00e1 um benef\u00edcio adicional: maior seguran\u00e7a no uso da faixa estendida de FM. A eFM \u00e9 fruto do remanejamento do espectro utilizado pelos canais 5 e 6 da TV anal\u00f3gica (76 a 88 MHz) para inclus\u00e3o de emissoras AM que optaram pela migra\u00e7\u00e3o para o FM.<\/p>\n<p style=\"text-align: justify;\">\u201cPara caber no dial da faixa convencional, muitas emissoras precisaram se apertar e tiveram a pot\u00eancia reduzida. Com o acesso \u00e0 faixa estendida garantido ap\u00f3s a ativa\u00e7\u00e3o do chip FM, as emissoras teriam mais tranquilidade para ocupar essa nova frequ\u00eancia, o que poderia levar a aumento de pot\u00eancia e de qualidade\u201d, ressalta.<\/p>\n<p style=\"text-align: justify;\">\n<p>&nbsp;<\/p>\n<p><img fetchpriority=\"high\" decoding=\"async\" class=\"aligncenter\" src=\"https:\/\/www.abert.org.br\/web\/images\/abert---campanha-radio-no-celular---posts---twitter-02.png\" alt=\"abert campanha radio no celular posts twitter 02\" width=\"800\" height=\"418\" \/><\/p>\n<p>&nbsp;<\/p>\n<p>Fonte: ABERT<\/p>\n","protected":false},"excerpt":{"rendered":"<p>A declara\u00e7\u00e3o do ministro das Comunica\u00e7\u00f5es F\u00e1bio Faria sobre a&hellip;<\/p>\n<p> <a class=\"more-link\" href=\"https:\/\/sertsc.org.br\/site\/chip-fm-fortalecimento-do-radio-livre-gratuito-e-democratico\/\">Leia mais<\/a><\/p>\n","protected":false},"author":1,"featured_media":14524,"comment_status":"open","ping_status":"open","sticky":false,"template":"","format":"standard","meta":{"footnotes":""},"categories":[3],"tags":[],"class_list":{"0":"post-14523","1":"post","2":"type-post","3":"status-publish","4":"format-standard","5":"has-post-thumbnail","7":"category-noticias"},"_links":{"self":[{"href":"https:\/\/sertsc.org.br\/site\/wp-json\/wp\/v2\/posts\/14523","targetHints":{"allow":["GET"]}}],"collection":[{"href":"https:\/\/sertsc.org.br\/site\/wp-json\/wp\/v2\/posts"}],"about":[{"href":"https:\/\/sertsc.org.br\/site\/wp-json\/wp\/v2\/types\/post"}],"author":[{"embeddable":true,"href":"https:\/\/sertsc.org.br\/site\/wp-json\/wp\/v2\/users\/1"}],"replies":[{"embeddable":true,"href":"https:\/\/sertsc.org.br\/site\/wp-json\/wp\/v2\/comments?post=14523"}],"version-history":[{"count":0,"href":"https:\/\/sertsc.org.br\/site\/wp-json\/wp\/v2\/posts\/14523\/revisions"}],"wp:featuredmedia":[{"embeddable":true,"href":"https:\/\/sertsc.org.br\/site\/wp-json\/"}],"wp:attachment":[{"href":"https:\/\/sertsc.org.br\/site\/wp-json\/wp\/v2\/media?parent=14523"}],"wp:term":[{"taxonomy":"category","embeddable":true,"href":"https:\/\/sertsc.org.br\/site\/wp-json\/wp\/v2\/categories?post=14523"},{"taxonomy":"post_tag","embeddable":true,"href":"https:\/\/sertsc.org.br\/site\/wp-json\/wp\/v2\/tags?post=14523"}],"curies":[{"name":"wp","href":"https:\/\/api.w.org\/{rel}","templated":true}]}}