{"id":14520,"date":"2021-01-25T08:27:22","date_gmt":"2021-01-25T11:27:22","guid":{"rendered":"https:\/\/www.sertsc.org.br\/site\/?p=14520"},"modified":"2021-01-25T08:27:22","modified_gmt":"2021-01-25T11:27:22","slug":"publico-de-podcast-e-mais-jovem-e-assiduo-ao-formato-segundo-estudo-westwood-one-2021-audioscape","status":"publish","type":"post","link":"https:\/\/sertsc.org.br\/site\/publico-de-podcast-e-mais-jovem-e-assiduo-ao-formato-segundo-estudo-westwood-one-2021-audioscape\/","title":{"rendered":"P\u00fablico de podcast \u00e9 mais jovem e ass\u00edduo ao formato, segundo estudo Westwood One 2021 Audioscape"},"content":{"rendered":"<p style=\"text-align: justify;\">O rec\u00e9m-lan\u00e7ado Westwood One 2021 Audioscape analisa as tend\u00eancias de consumo de podcast usando dados do relat\u00f3rio &#8220;<a href=\"https:\/\/tudoradio.com\/noticias\/ver\/24590-o-radio-hoje-share-of-ear-2020-radio-fmam-segue-lider-no-consumo-de-audio-nos-estados-unidos-streaming-avanca\"><strong>Share of Ear<\/strong><\/a>&#8221; do terceiro trimestre de 2020 da Edison. Segundo o relat\u00f3rio, o p\u00fablico de podcast costuma ser mais jovem e ass\u00edduo ao formato. A ferramenta tem crescido em uso e interesse do mercado, sendo uma realidade no planejamento de v\u00e1rias emissoras de r\u00e1dio em todo o planeta.<\/p>\n<p style=\"text-align: justify;\">Conforme destaca o relat\u00f3rio da Westwood One, o \u00e1udio \u00e9 uma grande parte da vida dos norte-americanos. Enquanto o\u00a0<a href=\"https:\/\/tudoradio.com\/noticias\/ver\/24051-o-radio-hoje-nielsen-aponta-a-lideranca-do-radio-entre-as-plataformas-de-audio-formato-e-buscado-por-quem-trabalha-remotamente\"><strong>r\u00e1dio AM\/FM domina o cen\u00e1rio de \u00e1udio<\/strong><\/a>\u00a0com alcance em massa e tempo significativo gasto, o podcasting \u00e9 uma \u00e1rea que tem experimentado um crescimento significativo de ado\u00e7\u00e3o. De acordo com o estudo Audioscape, o p\u00fablico de podcast \u00e9 mais jovem e ass\u00edduo ao formato. O relat\u00f3rio \u00e9 referente ao terceiro trimestre de 2020 da Edison e analisa as tend\u00eancias de consumo de podcast.<\/p>\n<p>&nbsp;<\/p>\n<figure style=\"width: 500px\" class=\"wp-caption aligncenter\"><img fetchpriority=\"high\" decoding=\"async\" src=\"https:\/\/tudoradio.com\/img\/uploads\/noticias\/600ad699d6051.png\" alt=\"\" width=\"500\" height=\"281\" \/><figcaption class=\"wp-caption-text\">Se uma pessoa responde que consome podcast, a plataforma de \u00e1udio passa a ser a preferida por esse p\u00fablico<\/figcaption><\/figure>\n<p style=\"text-align: justify;\">\n<p style=\"text-align: justify;\">Algumas constata\u00e7\u00f5es feitas pelo estudo Westwood One 2021 Audioscape em rela\u00e7\u00e3o a consumo apontam que entre aqueles que ouvem podcasts, o podcasting tem a maior parcela do tempo gasto com \u00e1udio (30%), seguido pelo r\u00e1dio AM\/FM (22%), apontando que os comportamentos de complementam e possuem o \u00e1udio como algo de prefer\u00eancia.<\/p>\n<p style=\"text-align: justify;\" data-fetch=\"true\">O consumidor m\u00e9dio nos Estados Unidos gasta tr\u00eas horas e quarenta e dois minutos por dia com todas as formas de \u00e1udio, sendo que os ouvintes de podcast passam surpreendentes + 41% mais tempo com \u00e1udio.<\/p>\n<p style=\"text-align: justify;\">Tamb\u00e9m o fator idade foi levado em conta e, de acordo com o relat\u00f3rio, a\u00a0<strong><em>idade m\u00e9dia da audi\u00eancia do podcast \u00e9 de 34 anos<\/em><\/strong>, mais jovem do que outras m\u00eddias. Desde o terceiro trimestre de 2018, a idade m\u00e9dia dos ouvintes de podcast oscilou continuamente em torno dos 30 anos. A idade m\u00e9dia atual dos ouvintes de podcast \u00e9 13 anos mais jovem do que o r\u00e1dio AM\/FM e duas d\u00e9cadas mais jovem do que o p\u00fablico das redes de televis\u00e3o.<\/p>\n<p>&nbsp;<\/p>\n<figure style=\"width: 500px\" class=\"wp-caption aligncenter\"><img decoding=\"async\" src=\"https:\/\/tudoradio.com\/img\/uploads\/noticias\/600ad699d62b5.png\" alt=\"\" width=\"500\" height=\"281\" \/><figcaption class=\"wp-caption-text\">M\u00e9dia de idade dos p\u00fablicos usu\u00e1rios de cada plataforma. O ouvinte de podcast \u00e9 mais jovem<\/figcaption><\/figure>\n<p style=\"text-align: justify;\">\n<p style=\"text-align: justify;\">As principais conclus\u00f5es que o estudo aponta s\u00e3o as seguintes: &#8220;os ouvintes de podcast adoram \u00e1udio e querem mais; se voc\u00ea ouve podcasts, eles s\u00e3o sua plataforma de \u00e1udio n\u00famero um; a idade m\u00e9dia da audi\u00eancia do podcast \u00e9 de 34 anos, mais jovem do que outras m\u00eddias; o tempo gasto com palavras faladas no podcasting est\u00e1 aumentando e que a maioria das audi\u00e7\u00f5es de podcast ocorre em casa durante o dia&#8221;, destaca o levantamento.<\/p>\n<p style=\"text-align: justify;\">Fonte: Tudor\u00e1dio<\/p>\n","protected":false},"excerpt":{"rendered":"<p>O rec\u00e9m-lan\u00e7ado Westwood One 2021 Audioscape analisa as tend\u00eancias de&hellip;<\/p>\n<p> <a class=\"more-link\" href=\"https:\/\/sertsc.org.br\/site\/publico-de-podcast-e-mais-jovem-e-assiduo-ao-formato-segundo-estudo-westwood-one-2021-audioscape\/\">Leia mais<\/a><\/p>\n","protected":false},"author":1,"featured_media":14521,"comment_status":"open","ping_status":"open","sticky":false,"template":"","format":"standard","meta":{"footnotes":""},"categories":[1],"tags":[],"class_list":{"0":"post-14520","1":"post","2":"type-post","3":"status-publish","4":"format-standard","5":"has-post-thumbnail","7":"category-geral"},"_links":{"self":[{"href":"https:\/\/sertsc.org.br\/site\/wp-json\/wp\/v2\/posts\/14520","targetHints":{"allow":["GET"]}}],"collection":[{"href":"https:\/\/sertsc.org.br\/site\/wp-json\/wp\/v2\/posts"}],"about":[{"href":"https:\/\/sertsc.org.br\/site\/wp-json\/wp\/v2\/types\/post"}],"author":[{"embeddable":true,"href":"https:\/\/sertsc.org.br\/site\/wp-json\/wp\/v2\/users\/1"}],"replies":[{"embeddable":true,"href":"https:\/\/sertsc.org.br\/site\/wp-json\/wp\/v2\/comments?post=14520"}],"version-history":[{"count":0,"href":"https:\/\/sertsc.org.br\/site\/wp-json\/wp\/v2\/posts\/14520\/revisions"}],"wp:featuredmedia":[{"embeddable":true,"href":"https:\/\/sertsc.org.br\/site\/wp-json\/"}],"wp:attachment":[{"href":"https:\/\/sertsc.org.br\/site\/wp-json\/wp\/v2\/media?parent=14520"}],"wp:term":[{"taxonomy":"category","embeddable":true,"href":"https:\/\/sertsc.org.br\/site\/wp-json\/wp\/v2\/categories?post=14520"},{"taxonomy":"post_tag","embeddable":true,"href":"https:\/\/sertsc.org.br\/site\/wp-json\/wp\/v2\/tags?post=14520"}],"curies":[{"name":"wp","href":"https:\/\/api.w.org\/{rel}","templated":true}]}}