{"id":14511,"date":"2021-01-21T16:20:41","date_gmt":"2021-01-21T19:20:41","guid":{"rendered":"https:\/\/www.sertsc.org.br\/site\/?p=14511"},"modified":"2021-01-21T16:20:41","modified_gmt":"2021-01-21T19:20:41","slug":"associacoes-apoiam-decisao-do-ministerio-das-comunicacoes-para-inclusao-de-radio-fm-no-celular","status":"publish","type":"post","link":"https:\/\/sertsc.org.br\/site\/associacoes-apoiam-decisao-do-ministerio-das-comunicacoes-para-inclusao-de-radio-fm-no-celular\/","title":{"rendered":"Associa\u00e7\u00f5es apoiam decis\u00e3o do Minist\u00e9rio das Comunica\u00e7\u00f5es para inclus\u00e3o de r\u00e1dio FM no celular"},"content":{"rendered":"<p style=\"text-align: justify;\">Na \u00faltima quarta-feira (20), a Abert (Associa\u00e7\u00e3o Brasileira de Emissoras de R\u00e1dio e Televis\u00e3o), a Abratel (Associa\u00e7\u00e3o Brasileira de R\u00e1dio e Televis\u00e3o)e as Associa\u00e7\u00f5es Estaduais das Emissoras de Radiodifus\u00e3o manifestaram apoio a decis\u00e3o do Minist\u00e9rio das Comunica\u00e7\u00f5es em rela\u00e7\u00e3o a\u00a0<a href=\"https:\/\/tudoradio.com\/noticias\/ver\/24782-ministro-das-comunicacoes-fabio-faria-afirma-que-todos-os-smartphones-produzidos-no-brasil-terao-chip-fm\"><strong>inclus\u00e3o de r\u00e1dio FM nos aparelhos celulares<\/strong><\/a>.<\/p>\n<p style=\"text-align: justify;\">Em recente evento, o ministro da pasta, F\u00e1bio Faria, informou que est\u00e1 trabalhando para viabilizar a recep\u00e7\u00e3o do r\u00e1dio FM nos aparelhos celulares de forma livre e gratuita, sem a necessidade de utiliza\u00e7\u00e3o de WI-FI\u00a0ou plano de dados.<\/p>\n<p style=\"text-align: justify;\">Entidades como a Abratel, Abert e demais associa\u00e7\u00f5es estaduais que representam as emissoras de r\u00e1dio e televis\u00e3o manifestaram, em nota, irrestrito apoio \u00e0 pol\u00edtica p\u00fablica anunciada pelo Minist\u00e9rio das Comunica\u00e7\u00f5es que diz respeito a inclus\u00e3o da funcionalidade de recep\u00e7\u00e3o das transmiss\u00f5es de r\u00e1dio FM em todos os aparelhos celulares fabricados no Brasil.<\/p>\n<p style=\"text-align: justify;\">Para as associa\u00e7\u00f5es, a implementa\u00e7\u00e3o da medida \u00e9 urgente e equiparar\u00e1 o Brasil a outros pa\u00edses de vanguarda. &#8220;A recep\u00e7\u00e3o livre, aberta e gratuita dos sinais do r\u00e1dio FM nos aparelhos celulares \u00e9 uma medida que beneficia a sociedade, garantindo o acesso \u00e0 informa\u00e7\u00e3o, especialmente em casos de utilidade p\u00fablica, al\u00e9m de importante fonte de cultura e lazer&#8221;, reiteram.<\/p>\n<p style=\"text-align: justify;\">Enquanto isso, a C\u00e2mara dos Deputados j\u00e1 analisa um projeto de lei que trata sobre a proposta, o PL 8438\/17, de autoria do deputado Sandro Alex (PSD\/PR). O projeto, que contou com a atua\u00e7\u00e3o da Associa\u00e7\u00e3o, aguarda vota\u00e7\u00e3o na Comiss\u00e3o de Constitui\u00e7\u00e3o, Justi\u00e7a e de Cidadania.<\/p>\n<p style=\"text-align: justify;\">Assim como as entidades nacionais Abert e Abratel, tamb\u00e9m assinam a nota:<\/p>\n<p style=\"text-align: justify;\"><em>Associa\u00e7\u00e3o Baiana de Empresas de R\u00e1dio e Televis\u00e3o \u2013 ABART<\/em><\/p>\n<p style=\"text-align: justify;\"><em>Associa\u00e7\u00e3o Catarinense de Emissoras de R\u00e1dio e Televis\u00e3o \u2013 ACAERT<\/em><\/p>\n<p style=\"text-align: justify;\"><em>Associa\u00e7\u00e3o Cearense de Emissoras de R\u00e1dio e Televis\u00e3o \u2013 ACERT<\/em><\/p>\n<p style=\"text-align: justify;\"><em>Associa\u00e7\u00e3o das Emissoras de R\u00e1dio e Televis\u00e3o Estado do R\u00edo de Janeiro \u2013 AERJ<\/em><\/p>\n<p style=\"text-align: justify;\"><em>Associa\u00e7\u00e3o de Emissoras de Radiodifus\u00e3o de Mato Grosso do Sul \u2013 AERMS<\/em><\/p>\n<p style=\"text-align: justify;\"><em>Associa\u00e7\u00e3o das Emissoras de Radiodifus\u00e3o do Paran\u00e1 \u2013 AERP<\/em><\/p>\n<p style=\"text-align: justify;\"><em>Associa\u00e7\u00e3o das Emissoras de R\u00e1dio e Televis\u00e3o do Esp\u00edrito Santo \u2013 AERTES<\/em><\/p>\n<p style=\"text-align: justify;\"><em>Associa\u00e7\u00e3o das Emissoras de R\u00e1dio e Televis\u00e3o do Estado do Tocantins \u2013 AERTO<\/em><\/p>\n<p style=\"text-align: justify;\" data-fetch=\"true\"><em>Associa\u00e7\u00e3o de Emissoras de R\u00e1dio e TV do Estado de S\u00e3o Paulo \u2013 AESP<\/em><\/p>\n<p style=\"text-align: justify;\"><em>Associa\u00e7\u00e3o Ga\u00facha das Emissoras de R\u00e1dio e TV \u2013 AGERT<\/em><\/p>\n<p style=\"text-align: justify;\"><em>Associa\u00e7\u00e3o Goiana das Emissoras de R\u00e1dio e Televis\u00e3o \u2013 AGOERT<\/em><\/p>\n<p style=\"text-align: justify;\"><em>Associa\u00e7\u00e3o Alagoana das Emissoras de R\u00e1dio, Televis\u00e3o e Jornais Di\u00e1rios \u2013 ALERT<\/em><\/p>\n<p style=\"text-align: justify;\"><em>Associa\u00e7\u00e3o Maranhense de R\u00e1dio e Televis\u00e3o \u2013 AMART<\/em><\/p>\n<p style=\"text-align: justify;\"><em>Associa\u00e7\u00e3o Amazonense de Emissoras de R\u00e1dio e Televis\u00e3o \u2013 AMERT<\/em><\/p>\n<p style=\"text-align: justify;\"><em>Associa\u00e7\u00e3o Mineira de R\u00e1dio e Televis\u00e3o \u2013 AMIRT<\/em><\/p>\n<p style=\"text-align: justify;\"><em>Associa\u00e7\u00e3o Paraense de Emissoras de R\u00e1dio e Televis\u00e3o \u2013 APERT<\/em><\/p>\n<p style=\"text-align: justify;\"><em>Associa\u00e7\u00e3o Potiguar de Emissoras de R\u00e1dio e Televis\u00e3o \u2013 APOERT<\/em><\/p>\n<p style=\"text-align: justify;\"><em>Associa\u00e7\u00e3o das Emissoras de Radiodifus\u00e3o da Para\u00edba \u2013 ASSERP<\/em><\/p>\n<p style=\"text-align: justify;\"><em>Associa\u00e7\u00e3o das Empresas de Radiodifus\u00e3o de Pernambuco \u2013 ASSERPE<\/em><\/p>\n<p style=\"text-align: justify;\"><em>Associa\u00e7\u00e3o dos Ve\u00edculos de Comunica\u00e7\u00e3o do Distrito Federal \u2013 AVEC<\/em><\/p>\n<p style=\"text-align: justify;\"><em>Sindicato das Empresas de R\u00e1dio, Televis\u00e3o, Jornais e Revistas do Estado de Sergipe \u2013 SINERTEJ<\/em><\/p>\n<p style=\"text-align: justify;\">\n<p style=\"text-align: justify;\">Fonte: Tudor\u00e1dio<\/p>\n","protected":false},"excerpt":{"rendered":"<p>Na \u00faltima quarta-feira (20), a Abert (Associa\u00e7\u00e3o Brasileira de Emissoras&hellip;<\/p>\n<p> <a class=\"more-link\" href=\"https:\/\/sertsc.org.br\/site\/associacoes-apoiam-decisao-do-ministerio-das-comunicacoes-para-inclusao-de-radio-fm-no-celular\/\">Leia mais<\/a><\/p>\n","protected":false},"author":1,"featured_media":14512,"comment_status":"open","ping_status":"open","sticky":false,"template":"","format":"standard","meta":{"footnotes":""},"categories":[3],"tags":[],"class_list":{"0":"post-14511","1":"post","2":"type-post","3":"status-publish","4":"format-standard","5":"has-post-thumbnail","7":"category-noticias"},"_links":{"self":[{"href":"https:\/\/sertsc.org.br\/site\/wp-json\/wp\/v2\/posts\/14511","targetHints":{"allow":["GET"]}}],"collection":[{"href":"https:\/\/sertsc.org.br\/site\/wp-json\/wp\/v2\/posts"}],"about":[{"href":"https:\/\/sertsc.org.br\/site\/wp-json\/wp\/v2\/types\/post"}],"author":[{"embeddable":true,"href":"https:\/\/sertsc.org.br\/site\/wp-json\/wp\/v2\/users\/1"}],"replies":[{"embeddable":true,"href":"https:\/\/sertsc.org.br\/site\/wp-json\/wp\/v2\/comments?post=14511"}],"version-history":[{"count":0,"href":"https:\/\/sertsc.org.br\/site\/wp-json\/wp\/v2\/posts\/14511\/revisions"}],"wp:featuredmedia":[{"embeddable":true,"href":"https:\/\/sertsc.org.br\/site\/wp-json\/"}],"wp:attachment":[{"href":"https:\/\/sertsc.org.br\/site\/wp-json\/wp\/v2\/media?parent=14511"}],"wp:term":[{"taxonomy":"category","embeddable":true,"href":"https:\/\/sertsc.org.br\/site\/wp-json\/wp\/v2\/categories?post=14511"},{"taxonomy":"post_tag","embeddable":true,"href":"https:\/\/sertsc.org.br\/site\/wp-json\/wp\/v2\/tags?post=14511"}],"curies":[{"name":"wp","href":"https:\/\/api.w.org\/{rel}","templated":true}]}}