{"id":14509,"date":"2021-01-21T13:21:06","date_gmt":"2021-01-21T16:21:06","guid":{"rendered":"https:\/\/www.sertsc.org.br\/site\/?p=14509"},"modified":"2021-01-21T13:21:06","modified_gmt":"2021-01-21T16:21:06","slug":"mcom-encerra-consulta-publica-para-criacao-de-calendario-de-flexibilizacao-da-transmissao-da-voz-do-brasil","status":"publish","type":"post","link":"https:\/\/sertsc.org.br\/site\/mcom-encerra-consulta-publica-para-criacao-de-calendario-de-flexibilizacao-da-transmissao-da-voz-do-brasil\/","title":{"rendered":"MCom encerra consulta p\u00fablica para cria\u00e7\u00e3o de calend\u00e1rio de flexibiliza\u00e7\u00e3o da transmiss\u00e3o da Voz do Brasil"},"content":{"rendered":"<p style=\"text-align: justify;\">O Minist\u00e9rio das Comunica\u00e7\u00f5es (MCom) encerrou na ter\u00e7a-feira (19) o prazo para contribui\u00e7\u00f5es e sugest\u00f5es para o\u00a0<strong><a href=\"https:\/\/tudoradio.com\/noticias\/ver\/24651-consulta-publica-e-aberta-para-definir-alteracao-de-horario-ou-suspensao-da-voz-do-brasil-em-ocasioes-especiais\">calend\u00e1rio referente a flexibiliza\u00e7\u00e3o e suspens\u00e3o da transmiss\u00e3o da Voz do Brasil<\/a><\/strong>. Segundo o registrado na plataforma Participa + Brasil, foram 229 contribui\u00e7\u00f5es de emissoras interessadas em formar o novo calend\u00e1rio para 2021.<\/p>\n<p style=\"text-align: justify;\">A consulta p\u00fablica prev\u00ea a elabora\u00e7\u00e3o de uma lista relativa ao ano de 2021, com o calend\u00e1rio de datas em que a retransmiss\u00e3o do programa A Voz do Brasil poder\u00e1 ser flexibilizada ou dispensada, nos termos da Lei n\u00ba 13.644, de 4 de abril de 2018, do Decreto n\u00ba 10.456, de 11 de agosto de 2020, e da\u00a0<strong><a href=\"https:\/\/tudoradio.com\/noticias\/ver\/24334-minicom-publica-portaria-que-regulamenta-casos-excepcionais-de-flexibilizacao-e-dispensa-da-voz-do-brasil\">Portaria n\u00ba 1.024, de 8 de outubro de 2020<\/a><\/strong>. As contribui\u00e7\u00f5es puderam ser feitas m\u00eas a m\u00eas na plataforma oferecida pelo minist\u00e9rio.<\/p>\n<p style=\"text-align: justify;\">Os participantes puderam indicar a respectiva data e hor\u00e1rio que devem alterar o hor\u00e1rio da transmiss\u00e3o do programa estatal. Al\u00e9m disso, as emissoras tamb\u00e9m deveriam informar a abrang\u00eancia do acontecimento (se nacional, estadual, distrital ou municipal) e acrescentar a comprova\u00e7\u00e3o do excepcional interesse p\u00fablico na divulga\u00e7\u00e3o do evento, bem como a incompatibilidade com os hor\u00e1rios originais de retransmiss\u00e3o do programa.<\/p>\n<p style=\"text-align: justify;\">Atualmente o MCom j\u00e1 autoriza a flexibiliza\u00e7\u00e3o do hor\u00e1rio de retransmiss\u00e3o do programa A Voz do Brasil, no caso de emissoras que desejarem transmitir jogos de futebol da Sele\u00e7\u00e3o Brasileira. A medida vale tanto para a sele\u00e7\u00e3o masculina quanto feminina, enquanto durar o estado de calamidade p\u00fablica da pandemia.<\/p>\n<p style=\"text-align: justify;\">De acordo com a Portaria n\u00ba 1.394, a flexibiliza\u00e7\u00e3o do hor\u00e1rio vale para transmiss\u00f5es de jogos com in\u00edcio marcado entre as 19h e 20h30, desde que o programa seja transmitido sem cortes, at\u00e9 \u00e0s 23h do mesmo dia.<\/p>\n<p style=\"text-align: justify;\">Fonte: Tudor\u00e1dio<\/p>\n","protected":false},"excerpt":{"rendered":"<p>O Minist\u00e9rio das Comunica\u00e7\u00f5es (MCom) encerrou na ter\u00e7a-feira (19) o&hellip;<\/p>\n<p> <a class=\"more-link\" href=\"https:\/\/sertsc.org.br\/site\/mcom-encerra-consulta-publica-para-criacao-de-calendario-de-flexibilizacao-da-transmissao-da-voz-do-brasil\/\">Leia mais<\/a><\/p>\n","protected":false},"author":1,"featured_media":14417,"comment_status":"open","ping_status":"open","sticky":false,"template":"","format":"standard","meta":{"footnotes":""},"categories":[3],"tags":[],"class_list":{"0":"post-14509","1":"post","2":"type-post","3":"status-publish","4":"format-standard","5":"has-post-thumbnail","7":"category-noticias"},"_links":{"self":[{"href":"https:\/\/sertsc.org.br\/site\/wp-json\/wp\/v2\/posts\/14509","targetHints":{"allow":["GET"]}}],"collection":[{"href":"https:\/\/sertsc.org.br\/site\/wp-json\/wp\/v2\/posts"}],"about":[{"href":"https:\/\/sertsc.org.br\/site\/wp-json\/wp\/v2\/types\/post"}],"author":[{"embeddable":true,"href":"https:\/\/sertsc.org.br\/site\/wp-json\/wp\/v2\/users\/1"}],"replies":[{"embeddable":true,"href":"https:\/\/sertsc.org.br\/site\/wp-json\/wp\/v2\/comments?post=14509"}],"version-history":[{"count":0,"href":"https:\/\/sertsc.org.br\/site\/wp-json\/wp\/v2\/posts\/14509\/revisions"}],"wp:featuredmedia":[{"embeddable":true,"href":"https:\/\/sertsc.org.br\/site\/wp-json\/"}],"wp:attachment":[{"href":"https:\/\/sertsc.org.br\/site\/wp-json\/wp\/v2\/media?parent=14509"}],"wp:term":[{"taxonomy":"category","embeddable":true,"href":"https:\/\/sertsc.org.br\/site\/wp-json\/wp\/v2\/categories?post=14509"},{"taxonomy":"post_tag","embeddable":true,"href":"https:\/\/sertsc.org.br\/site\/wp-json\/wp\/v2\/tags?post=14509"}],"curies":[{"name":"wp","href":"https:\/\/api.w.org\/{rel}","templated":true}]}}