{"id":14506,"date":"2021-01-21T08:24:39","date_gmt":"2021-01-21T11:24:39","guid":{"rendered":"https:\/\/www.sertsc.org.br\/site\/?p=14506"},"modified":"2021-01-21T08:24:39","modified_gmt":"2021-01-21T11:24:39","slug":"acaert-protocoliza-na-anatel-proposta-de-migracao-am-fm-no-dial-convencional","status":"publish","type":"post","link":"https:\/\/sertsc.org.br\/site\/acaert-protocoliza-na-anatel-proposta-de-migracao-am-fm-no-dial-convencional\/","title":{"rendered":"ACAERT protocoliza na Anatel proposta de migra\u00e7\u00e3o AM-FM no dial convencional"},"content":{"rendered":"<p style=\"text-align: justify;\">A Associa\u00e7\u00e3o Catarinense de Emissoras de R\u00e1dio e televis\u00e3o (ACAERT) protocolizou nesta quarta-feira (20) na ANATEL e no Minist\u00e9rio das Comunica\u00e7\u00f5es, uma proposta para a aloca\u00e7\u00e3o das emissoras migrantes do estado na faixa de 88 FM a 108 FM. A inten\u00e7\u00e3o \u00e9 encontrar espa\u00e7os no chamado dial convencional para as r\u00e1dios AMs que ainda n\u00e3o efetivaram a migra\u00e7\u00e3o por estarem no dial estendido (FMe).<\/p>\n<p style=\"text-align: justify;\">De acordo com a ACAERT, o estudo foi elaborado por um Grupo de Trabalho liderado pela ACAERT, com a coordena\u00e7\u00e3o do engenheiro Luiz Rosa do Reis, assessor t\u00e9cnico da entidade, e o apoio especial do engenheiro Andr\u00e9 Cintra, da ABERT. Os profissionais concentraram esfor\u00e7os na busca por alternativas para 29 emissoras que ficaram sem canaliza\u00e7\u00e3o na faixa convencional.<\/p>\n<p style=\"text-align: justify;\">A proposta apresentada pela ACAERT precisa agora passar pelos estudos de viabilidade t\u00e9cnica da ANATEL e do Minist\u00e9rio das Comunica\u00e7\u00f5es para ser colocada em pr\u00e1tica. &#8220;Se o nosso estudo for aprovado, ser\u00e1 poss\u00edvel viabilizar a migra\u00e7\u00e3o de todas as emissoras AM no estado sem a necessidade do FM estendido. Essa \u00e9 uma iniciativa in\u00e9dita no Brasil que pode servir de exemplo para outras regi\u00f5es do pa\u00eds&#8221;, destaca o presidente Silvano Silva.<\/p>\n<p style=\"text-align: justify;\">&#8220;\u00c9 bem verdade, que a exemplo do que ocorreu no passado, alguns canais propostos dependem da aprova\u00e7\u00e3o de pedidos feitos pelos Engenheiros das Associadas e pelos Assessores T\u00e9cnicos, reiterados pela ACAERT, de exclus\u00f5es\/altera\u00e7\u00f5es de canais que hoje est\u00e3o vagos no PBFM, de altera\u00e7\u00e3o de alguns canais de RADCOM e de pedidos de desconsidera\u00e7\u00e3o de reservas feitas de inclus\u00f5es de canais novos para localidades feitas por entidades que ainda n\u00e3o det\u00e9m outorga&#8221;, ressalva o engenheiro Reis.<\/p>\n<p style=\"text-align: justify;\">Como esses pedidos de exclus\u00f5es\/altera\u00e7\u00f5es dependem da aprova\u00e7\u00e3o do Minist\u00e9rio das Comunica\u00e7\u00f5es, a ACAERT encaminhou correspond\u00eancia ao Secret\u00e1rio de Radiodifus\u00e3o requerendo a aprova\u00e7\u00e3o dessas solicita\u00e7\u00f5es para que sejam inclu\u00eddos os canais propostos \u00e0 migra\u00e7\u00e3o.<\/p>\n<p style=\"text-align: justify;\"><em>Com informa\u00e7\u00f5es da ACAERT<\/em><\/p>\n<p>&nbsp;<\/p>\n<p>Fonte: Tudor\u00e1dio<\/p>\n","protected":false},"excerpt":{"rendered":"<p>A Associa\u00e7\u00e3o Catarinense de Emissoras de R\u00e1dio e televis\u00e3o (ACAERT)&hellip;<\/p>\n<p> <a class=\"more-link\" href=\"https:\/\/sertsc.org.br\/site\/acaert-protocoliza-na-anatel-proposta-de-migracao-am-fm-no-dial-convencional\/\">Leia mais<\/a><\/p>\n","protected":false},"author":1,"featured_media":14072,"comment_status":"open","ping_status":"open","sticky":false,"template":"","format":"standard","meta":{"footnotes":""},"categories":[3],"tags":[],"class_list":{"0":"post-14506","1":"post","2":"type-post","3":"status-publish","4":"format-standard","5":"has-post-thumbnail","7":"category-noticias"},"_links":{"self":[{"href":"https:\/\/sertsc.org.br\/site\/wp-json\/wp\/v2\/posts\/14506","targetHints":{"allow":["GET"]}}],"collection":[{"href":"https:\/\/sertsc.org.br\/site\/wp-json\/wp\/v2\/posts"}],"about":[{"href":"https:\/\/sertsc.org.br\/site\/wp-json\/wp\/v2\/types\/post"}],"author":[{"embeddable":true,"href":"https:\/\/sertsc.org.br\/site\/wp-json\/wp\/v2\/users\/1"}],"replies":[{"embeddable":true,"href":"https:\/\/sertsc.org.br\/site\/wp-json\/wp\/v2\/comments?post=14506"}],"version-history":[{"count":0,"href":"https:\/\/sertsc.org.br\/site\/wp-json\/wp\/v2\/posts\/14506\/revisions"}],"wp:featuredmedia":[{"embeddable":true,"href":"https:\/\/sertsc.org.br\/site\/wp-json\/"}],"wp:attachment":[{"href":"https:\/\/sertsc.org.br\/site\/wp-json\/wp\/v2\/media?parent=14506"}],"wp:term":[{"taxonomy":"category","embeddable":true,"href":"https:\/\/sertsc.org.br\/site\/wp-json\/wp\/v2\/categories?post=14506"},{"taxonomy":"post_tag","embeddable":true,"href":"https:\/\/sertsc.org.br\/site\/wp-json\/wp\/v2\/tags?post=14506"}],"curies":[{"name":"wp","href":"https:\/\/api.w.org\/{rel}","templated":true}]}}