{"id":14502,"date":"2021-01-20T09:37:47","date_gmt":"2021-01-20T12:37:47","guid":{"rendered":"https:\/\/www.sertsc.org.br\/site\/?p=14502"},"modified":"2021-01-20T09:37:47","modified_gmt":"2021-01-20T12:37:47","slug":"ministro-diz-que-todos-os-celulares-feitos-no-brasil-terao-radio-fm","status":"publish","type":"post","link":"https:\/\/sertsc.org.br\/site\/ministro-diz-que-todos-os-celulares-feitos-no-brasil-terao-radio-fm\/","title":{"rendered":"Ministro diz que todos os celulares feitos no Brasil ter\u00e3o r\u00e1dio FM"},"content":{"rendered":"<p style=\"text-align: justify;\">O ministro das Comunica\u00e7\u00f5es, F\u00e1bio Faria, disse na sexta-feira, 15, que os celulares produzidos no pa\u00eds vir\u00e3o com r\u00e1dio FM instalado. Ele, no entanto, n\u00e3o deu detalhes de como exigir\u00e1 a ativa\u00e7\u00e3o dos chips.<\/p>\n<p style=\"text-align: justify;\">\u201cEstamos fazendo o r\u00e1dio no celular. Para cada telefone fabricado no Brasil, vem o r\u00e1dio de gra\u00e7a sem precisar instalar pelo WiFi ou plano de dados\u201d, resumiu.<\/p>\n<p style=\"text-align: justify;\">Ele participou de evento promovido pela Tribuna de Comunica\u00e7\u00e3o e Fecom\u00e9rcio, em Natal (RN), sobre\u00a0<a href=\"https:\/\/www.telesintese.com.br\/tcu-cria-grupo-de-trabalho-para-garantir-leilao-do-5g-no-1o-semestre\/\">\u201cSeguran\u00e7a Jur\u00eddica na Retomada do Desenvolvimento Econ\u00f4mico<\/a>\u201c.<\/p>\n<h4 style=\"text-align: justify;\">Projeto de Lei<\/h4>\n<p style=\"text-align: justify;\">A instala\u00e7\u00e3o do r\u00e1dio FM \u00e9 um pedido antigo de radiodifusores, consolidado no Projeto de Lei 8.438\/2017, que tramita na C\u00e2mara dos Deputados. O dispositivo obriga que fabricantes vendam smartphones com capacidade de sintonizar emissoras de r\u00e1dio ativada de f\u00e1brica, sem necessidade de conex\u00e3o \u00e0 internet.<\/p>\n<p style=\"text-align: justify;\">O texto est\u00e1 parado desde dezembro de 2019 na Comiss\u00e3o de Constitui\u00e7\u00e3o e Justi\u00e7a e de Cidadania, onde tramita em car\u00e1ter conclusivo \u2013 sem precisar ir ao plen\u00e1rio da Casa. Se for aprovado, segue para o Senado, onde tamb\u00e9m n\u00e3o precisar\u00e1 passar pelo plen\u00e1rio. Se aprovado l\u00e1 sem altera\u00e7\u00f5es, vai \u00e0 san\u00e7\u00e3o presidencial.<\/p>\n<p style=\"text-align: justify;\">Segundo o projeto do radialista e deputado federal licenciado Sandro Alex (PSD-PR), 97% dos aparelhos produzidos no mundo s\u00e3o equipados com um receptor interno para o recebimento das transmiss\u00f5es em FM. No entanto, somente 34% dos aparelhos possuem a fun\u00e7\u00e3o FM ativadas. Com isso, o consumidor \u00e9 obrigado a adquirir um pacote de dados para acessar as transmiss\u00f5es via streaming.<\/p>\n<p style=\"text-align: justify;\">Entretanto, o an\u00fancio feito por Faria deve incomodar novamente a ind\u00fastria. A Abinee (Associa\u00e7\u00e3o Brasileira da Ind\u00fastria El\u00e9trica e Eletr\u00f4nica) j\u00e1 manifestou posi\u00e7\u00e3o contra o PL por entender que \u201cfere o princ\u00edpio da livre iniciativa estampado na Constitui\u00e7\u00e3o Federal de 1988, bem como na rec\u00e9m aprovada Lei da Liberdade Econ\u00f4mica, que prev\u00ea a presun\u00e7\u00e3o de liberdade no exerc\u00edcio de atividades econ\u00f4micas contra o abuso regulat\u00f3rio\u201d.<\/p>\n<p style=\"text-align: justify;\">De acordo com a entidade, a aprova\u00e7\u00e3o atrapalharia a chegada de celulares globais no pa\u00eds, que s\u00e3o vendidos no mercado interno e no mundo inteiro.<\/p>\n<p>&nbsp;<\/p>\n<p>Fonte: Teles\u00edntese<\/p>\n","protected":false},"excerpt":{"rendered":"<p>O ministro das Comunica\u00e7\u00f5es, F\u00e1bio Faria, disse na sexta-feira, 15,&hellip;<\/p>\n<p> <a class=\"more-link\" href=\"https:\/\/sertsc.org.br\/site\/ministro-diz-que-todos-os-celulares-feitos-no-brasil-terao-radio-fm\/\">Leia mais<\/a><\/p>\n","protected":false},"author":1,"featured_media":14503,"comment_status":"open","ping_status":"open","sticky":false,"template":"","format":"standard","meta":{"footnotes":""},"categories":[3],"tags":[],"class_list":{"0":"post-14502","1":"post","2":"type-post","3":"status-publish","4":"format-standard","5":"has-post-thumbnail","7":"category-noticias"},"_links":{"self":[{"href":"https:\/\/sertsc.org.br\/site\/wp-json\/wp\/v2\/posts\/14502","targetHints":{"allow":["GET"]}}],"collection":[{"href":"https:\/\/sertsc.org.br\/site\/wp-json\/wp\/v2\/posts"}],"about":[{"href":"https:\/\/sertsc.org.br\/site\/wp-json\/wp\/v2\/types\/post"}],"author":[{"embeddable":true,"href":"https:\/\/sertsc.org.br\/site\/wp-json\/wp\/v2\/users\/1"}],"replies":[{"embeddable":true,"href":"https:\/\/sertsc.org.br\/site\/wp-json\/wp\/v2\/comments?post=14502"}],"version-history":[{"count":0,"href":"https:\/\/sertsc.org.br\/site\/wp-json\/wp\/v2\/posts\/14502\/revisions"}],"wp:featuredmedia":[{"embeddable":true,"href":"https:\/\/sertsc.org.br\/site\/wp-json\/"}],"wp:attachment":[{"href":"https:\/\/sertsc.org.br\/site\/wp-json\/wp\/v2\/media?parent=14502"}],"wp:term":[{"taxonomy":"category","embeddable":true,"href":"https:\/\/sertsc.org.br\/site\/wp-json\/wp\/v2\/categories?post=14502"},{"taxonomy":"post_tag","embeddable":true,"href":"https:\/\/sertsc.org.br\/site\/wp-json\/wp\/v2\/tags?post=14502"}],"curies":[{"name":"wp","href":"https:\/\/api.w.org\/{rel}","templated":true}]}}