{"id":14489,"date":"2021-01-20T09:00:38","date_gmt":"2021-01-20T12:00:38","guid":{"rendered":"https:\/\/www.sertsc.org.br\/site\/?p=14489"},"modified":"2021-01-20T09:00:38","modified_gmt":"2021-01-20T12:00:38","slug":"sert-sc-inicia-negociacao-da-cct-e-do-reajuste-salarial-para-2021","status":"publish","type":"post","link":"https:\/\/sertsc.org.br\/site\/sert-sc-inicia-negociacao-da-cct-e-do-reajuste-salarial-para-2021\/","title":{"rendered":"SERT\/SC inicia negocia\u00e7\u00e3o da CCT e do reajuste salarial para 2021"},"content":{"rendered":"<p style=\"text-align: justify;\">O SERT\/SC, representante patronal do r\u00e1dio e da televis\u00e3o de Santa Catarina, informa que realizou Assembleia Geral Extraordin\u00e1ria na manh\u00e3 da \u00faltima ter\u00e7a-feira (19\/1). Na ocasi\u00e3o, foi formada a comiss\u00e3o do SERT\/SC para negocia\u00e7\u00e3o da conven\u00e7\u00e3o coletiva e reajuste salarial, composta pela presidente Ana Paula Melo, Agla\u00e9 Oliveira, Albertino Zamarco, Dr. Ary dos Santos, Fabio Bigolin, Rani\u00e9ri Bertoli e Dr. Marcos Silveira, assessor jur\u00eddico.<\/p>\n<p style=\"text-align: justify;\">\u00c0 tarde, a comiss\u00e3o do sindicato patronal reuniu-se pela primeira vez com representantes dos trabalhadores. Em nome do Sindicato dos Radialistas Profissionais e de Empregados em Empresas de Radiodifus\u00e3o e Televis\u00e3o do Estado de Santa Catarina, participaram o presidente Hugo Silveira Lopes, o vice-presidente Ant\u00f4nio Gomes e o assessor jur\u00eddico Dr. Waldir dos Santos. Devido \u00e0 pandemia de covid-19, todas as reuni\u00f5es ocorreram de forma remota.<\/p>\n<p style=\"text-align: justify;\">Ficou decidido que o sindicato patronal apresentar\u00e1 uma contraproposta e uma nova rodada de negocia\u00e7\u00e3o ser\u00e1 feita para apresenta\u00e7\u00e3o da mesma em data a ser marcada.<\/p>\n<p>&nbsp;<\/p>\n<figure id=\"attachment_14491\" aria-describedby=\"caption-attachment-14491\" style=\"width: 1024px\" class=\"wp-caption aligncenter\"><img fetchpriority=\"high\" decoding=\"async\" class=\"wp-image-14491 size-large\" src=\"https:\/\/www.sertsc.org.br\/site\/wp-content\/uploads\/2021\/01\/WhatsApp-Image-2021-01-20-at-08.56.33-1024x576.jpeg\" alt=\"\" width=\"1024\" height=\"576\" \/><figcaption id=\"caption-attachment-14491\" class=\"wp-caption-text\">Assembleia Geral Extraordin\u00e1ria<\/figcaption><\/figure>\n<p>&nbsp;<\/p>\n<p>&nbsp;<\/p>\n<figure id=\"attachment_14490\" aria-describedby=\"caption-attachment-14490\" style=\"width: 920px\" class=\"wp-caption aligncenter\"><img decoding=\"async\" class=\"wp-image-14490 size-full\" src=\"https:\/\/www.sertsc.org.br\/site\/wp-content\/uploads\/2021\/01\/WhatsApp-Image-2021-01-20-at-08.56.48.jpeg\" alt=\"\" width=\"920\" height=\"779\" \/><figcaption id=\"caption-attachment-14490\" class=\"wp-caption-text\">Reuni\u00e3o de negocia\u00e7\u00e3o<\/figcaption><\/figure>\n<p>&nbsp;<\/p>\n","protected":false},"excerpt":{"rendered":"<p>O SERT\/SC, representante patronal do r\u00e1dio e da televis\u00e3o de&hellip;<\/p>\n<p> <a class=\"more-link\" href=\"https:\/\/sertsc.org.br\/site\/sert-sc-inicia-negociacao-da-cct-e-do-reajuste-salarial-para-2021\/\">Leia mais<\/a><\/p>\n","protected":false},"author":1,"featured_media":14494,"comment_status":"open","ping_status":"open","sticky":false,"template":"","format":"standard","meta":{"footnotes":""},"categories":[33],"tags":[],"class_list":{"0":"post-14489","1":"post","2":"type-post","3":"status-publish","4":"format-standard","5":"has-post-thumbnail","7":"category-destaques"},"_links":{"self":[{"href":"https:\/\/sertsc.org.br\/site\/wp-json\/wp\/v2\/posts\/14489","targetHints":{"allow":["GET"]}}],"collection":[{"href":"https:\/\/sertsc.org.br\/site\/wp-json\/wp\/v2\/posts"}],"about":[{"href":"https:\/\/sertsc.org.br\/site\/wp-json\/wp\/v2\/types\/post"}],"author":[{"embeddable":true,"href":"https:\/\/sertsc.org.br\/site\/wp-json\/wp\/v2\/users\/1"}],"replies":[{"embeddable":true,"href":"https:\/\/sertsc.org.br\/site\/wp-json\/wp\/v2\/comments?post=14489"}],"version-history":[{"count":0,"href":"https:\/\/sertsc.org.br\/site\/wp-json\/wp\/v2\/posts\/14489\/revisions"}],"wp:featuredmedia":[{"embeddable":true,"href":"https:\/\/sertsc.org.br\/site\/wp-json\/"}],"wp:attachment":[{"href":"https:\/\/sertsc.org.br\/site\/wp-json\/wp\/v2\/media?parent=14489"}],"wp:term":[{"taxonomy":"category","embeddable":true,"href":"https:\/\/sertsc.org.br\/site\/wp-json\/wp\/v2\/categories?post=14489"},{"taxonomy":"post_tag","embeddable":true,"href":"https:\/\/sertsc.org.br\/site\/wp-json\/wp\/v2\/tags?post=14489"}],"curies":[{"name":"wp","href":"https:\/\/api.w.org\/{rel}","templated":true}]}}