{"id":14486,"date":"2021-01-20T08:40:29","date_gmt":"2021-01-20T11:40:29","guid":{"rendered":"https:\/\/www.sertsc.org.br\/site\/?p=14486"},"modified":"2021-01-20T08:40:29","modified_gmt":"2021-01-20T11:40:29","slug":"rio-grande-do-sul-sindiradio-tera-novo-presidente","status":"publish","type":"post","link":"https:\/\/sertsc.org.br\/site\/rio-grande-do-sul-sindiradio-tera-novo-presidente\/","title":{"rendered":"Rio Grande do Sul: SindiRadio ter\u00e1 novo presidente"},"content":{"rendered":"<p style=\"text-align: justify;\">Roberto Cervo Mel\u00e3o ser\u00e1 o novo presidente do Sindicato das Empresas de R\u00e1dio e TV do Rio Grande do Sul (SindiR\u00e1dio). O empres\u00e1rio assumir\u00e1 o cargo no dia 27 de janeiro em substitui\u00e7\u00e3o \u00e0 Christina Gadret. Ela conclui seu mandato de tr\u00eas anos com diversas realiza\u00e7\u00f5es em favor das emissoras ga\u00fachas.<\/p>\n<p style=\"text-align: justify;\">Mel\u00e3o acumular\u00e1 a presid\u00eancia do SindiR\u00e1dio com a presid\u00eancia da Associa\u00e7\u00e3o Ga\u00facha de Emissoras de R\u00e1dio e Televis\u00e3o (AGERT) e a vice-presid\u00eancia da Associa\u00e7\u00e3o Brasileira de Emissoras de R\u00e1dio e Televis\u00e3o (ABERT).<\/p>\n","protected":false},"excerpt":{"rendered":"<p>Roberto Cervo Mel\u00e3o ser\u00e1 o novo presidente do Sindicato das&hellip;<\/p>\n<p> <a class=\"more-link\" href=\"https:\/\/sertsc.org.br\/site\/rio-grande-do-sul-sindiradio-tera-novo-presidente\/\">Leia mais<\/a><\/p>\n","protected":false},"author":1,"featured_media":14487,"comment_status":"open","ping_status":"open","sticky":false,"template":"","format":"standard","meta":{"footnotes":""},"categories":[33],"tags":[],"class_list":{"0":"post-14486","1":"post","2":"type-post","3":"status-publish","4":"format-standard","5":"has-post-thumbnail","7":"category-destaques"},"_links":{"self":[{"href":"https:\/\/sertsc.org.br\/site\/wp-json\/wp\/v2\/posts\/14486","targetHints":{"allow":["GET"]}}],"collection":[{"href":"https:\/\/sertsc.org.br\/site\/wp-json\/wp\/v2\/posts"}],"about":[{"href":"https:\/\/sertsc.org.br\/site\/wp-json\/wp\/v2\/types\/post"}],"author":[{"embeddable":true,"href":"https:\/\/sertsc.org.br\/site\/wp-json\/wp\/v2\/users\/1"}],"replies":[{"embeddable":true,"href":"https:\/\/sertsc.org.br\/site\/wp-json\/wp\/v2\/comments?post=14486"}],"version-history":[{"count":0,"href":"https:\/\/sertsc.org.br\/site\/wp-json\/wp\/v2\/posts\/14486\/revisions"}],"wp:featuredmedia":[{"embeddable":true,"href":"https:\/\/sertsc.org.br\/site\/wp-json\/"}],"wp:attachment":[{"href":"https:\/\/sertsc.org.br\/site\/wp-json\/wp\/v2\/media?parent=14486"}],"wp:term":[{"taxonomy":"category","embeddable":true,"href":"https:\/\/sertsc.org.br\/site\/wp-json\/wp\/v2\/categories?post=14486"},{"taxonomy":"post_tag","embeddable":true,"href":"https:\/\/sertsc.org.br\/site\/wp-json\/wp\/v2\/tags?post=14486"}],"curies":[{"name":"wp","href":"https:\/\/api.w.org\/{rel}","templated":true}]}}