{"id":14179,"date":"2020-11-26T15:58:59","date_gmt":"2020-11-26T18:58:59","guid":{"rendered":"https:\/\/www.sertsc.org.br\/site\/?p=14179"},"modified":"2020-11-26T15:58:59","modified_gmt":"2020-11-26T18:58:59","slug":"publicadas-regras-para-licenciamento-das-emissoras-e-retransmissoras-de-radiodifusao","status":"publish","type":"post","link":"https:\/\/sertsc.org.br\/site\/publicadas-regras-para-licenciamento-das-emissoras-e-retransmissoras-de-radiodifusao\/","title":{"rendered":"Publicadas regras para licenciamento das emissoras e retransmissoras de radiodifus\u00e3o"},"content":{"rendered":"<p style=\"text-align: justify;\">O Minist\u00e9rio das Comunica\u00e7\u00f5es (MCom) publicou, nesta quinta\u2013feira (26), a Portaria n\u00ba 1.459\/20, que disp\u00f5e sobre o processo de licenciamento de esta\u00e7\u00f5es de radiodifus\u00e3o e ancilares, e a Portaria n\u00ba 1.460\/20, que altera e revoga portarias anteriores, em decorr\u00eancia da publica\u00e7\u00e3o do Decreto n\u00ba 10.405\/20, que simplificou o procedimento de instala\u00e7\u00e3o e licenciamento dos servi\u00e7os de radiodifus\u00e3o.<\/p>\n<p style=\"text-align: justify;\">\n<p style=\"text-align: justify;\">As duas portarias regulamentam o processo e ajustam as regras para o licenciamento das esta\u00e7\u00f5es de r\u00e1dio, TV, RTV e RTR.<\/p>\n<p style=\"text-align: justify;\">\n<p style=\"text-align: justify;\">As novas regras determinam que o pedido de licen\u00e7a de funcionamento da esta\u00e7\u00e3o dever\u00e1 ser encaminhado por meio do Sistema Mosaico, com a informa\u00e7\u00e3o das caracter\u00edsticas constantes do projeto t\u00e9cnico de instala\u00e7\u00e3o da esta\u00e7\u00e3o, devidamente elaborado por profissional habilitado.<\/p>\n<p style=\"text-align: justify;\">\n<p style=\"text-align: justify;\">De acordo com a Portaria n\u00ba 1.459\/20, o regulamento de licenciamento determina ainda que ser\u00e1 aplicada a san\u00e7\u00e3o de advert\u00eancia \u00e0s emissoras que n\u00e3o tenham cumprido os prazos estabelecidos em atos expedidos pelo Minist\u00e9rio das Comunica\u00e7\u00f5es ou pela Ag\u00eancia Nacional de Telecomunica\u00e7\u00f5es (Anatel) para regularizar a licen\u00e7a de funcionamento das esta\u00e7\u00f5es, conforme previsto no Decreto n\u00ba 10.405\/20.<\/p>\n<p style=\"text-align: justify;\">\n<p style=\"text-align: justify;\">Finalmente, as novas regras tamb\u00e9m fazem ajustes pontuais em portarias vigentes, como a de n\u00ba 141\/20 (RTV) e a de n\u00ba 4.287\/15 (que trata das autoriza\u00e7\u00f5es de RTV durante a transi\u00e7\u00e3o do sistema de transmiss\u00e3o anal\u00f3gica para o de transmiss\u00e3o digital), com o intuito de aclarar alguns pontos e promover celeridade na an\u00e1lise dos processos.<\/p>\n<p style=\"text-align: justify;\">\n<p style=\"text-align: justify;\">Acesse aqui a <a href=\"http:\/\/mkt.abert.org.br\/go\/5478f77cec416af309a-502-8b4cca6aff15f3877e699c02-a40edewZheMpd5eWpe8Bf0y\">Portaria n\u00ba 1.459\/20<\/a> e a <a href=\"http:\/\/mkt.abert.org.br\/go\/5478f77cec416af309a-502-8b4cca6aff15f3877e699c02-a40edewZheMpd5eWpe8Bf0z\">Portaria n\u00ba 1.460\/20<\/a>.<\/p>\n<p style=\"text-align: justify;\">\n<p style=\"text-align: justify;\">Relembre <a href=\"http:\/\/mkt.abert.org.br\/go\/5478f77cec416af309a-502-8b4cca6aff15f3877e699c02-a40edewZheMpd5eWpe8Bf0A\">AQUI <\/a>os novos prazos e altera\u00e7\u00f5es advindos com o Decreto n\u00ba 10.405\/20.<\/p>\n<p style=\"text-align: justify;\">\n<p style=\"text-align: justify;\">\n<p style=\"text-align: justify;\">Fonte: ABERT<\/p>\n","protected":false},"excerpt":{"rendered":"<p>O Minist\u00e9rio das Comunica\u00e7\u00f5es (MCom) publicou, nesta quinta\u2013feira (26), a&hellip;<\/p>\n<p> <a class=\"more-link\" href=\"https:\/\/sertsc.org.br\/site\/publicadas-regras-para-licenciamento-das-emissoras-e-retransmissoras-de-radiodifusao\/\">Leia mais<\/a><\/p>\n","protected":false},"author":1,"featured_media":14180,"comment_status":"open","ping_status":"open","sticky":false,"template":"","format":"standard","meta":{"footnotes":""},"categories":[3],"tags":[],"class_list":{"0":"post-14179","1":"post","2":"type-post","3":"status-publish","4":"format-standard","5":"has-post-thumbnail","7":"category-noticias"},"_links":{"self":[{"href":"https:\/\/sertsc.org.br\/site\/wp-json\/wp\/v2\/posts\/14179","targetHints":{"allow":["GET"]}}],"collection":[{"href":"https:\/\/sertsc.org.br\/site\/wp-json\/wp\/v2\/posts"}],"about":[{"href":"https:\/\/sertsc.org.br\/site\/wp-json\/wp\/v2\/types\/post"}],"author":[{"embeddable":true,"href":"https:\/\/sertsc.org.br\/site\/wp-json\/wp\/v2\/users\/1"}],"replies":[{"embeddable":true,"href":"https:\/\/sertsc.org.br\/site\/wp-json\/wp\/v2\/comments?post=14179"}],"version-history":[{"count":0,"href":"https:\/\/sertsc.org.br\/site\/wp-json\/wp\/v2\/posts\/14179\/revisions"}],"wp:featuredmedia":[{"embeddable":true,"href":"https:\/\/sertsc.org.br\/site\/wp-json\/"}],"wp:attachment":[{"href":"https:\/\/sertsc.org.br\/site\/wp-json\/wp\/v2\/media?parent=14179"}],"wp:term":[{"taxonomy":"category","embeddable":true,"href":"https:\/\/sertsc.org.br\/site\/wp-json\/wp\/v2\/categories?post=14179"},{"taxonomy":"post_tag","embeddable":true,"href":"https:\/\/sertsc.org.br\/site\/wp-json\/wp\/v2\/tags?post=14179"}],"curies":[{"name":"wp","href":"https:\/\/api.w.org\/{rel}","templated":true}]}}