{"id":14172,"date":"2020-11-26T09:08:50","date_gmt":"2020-11-26T12:08:50","guid":{"rendered":"https:\/\/www.sertsc.org.br\/site\/?p=14172"},"modified":"2020-11-26T09:08:50","modified_gmt":"2020-11-26T12:08:50","slug":"levantamento-do-ecad-aponta-que-sertanejo-detem-85-da-execucao-publica","status":"publish","type":"post","link":"https:\/\/sertsc.org.br\/site\/levantamento-do-ecad-aponta-que-sertanejo-detem-85-da-execucao-publica\/","title":{"rendered":"Levantamento do ECAD aponta que sertanejo det\u00e9m 85% da execu\u00e7\u00e3o p\u00fablica"},"content":{"rendered":"<p style=\"text-align: justify;\">O Ecad (Escrit\u00f3rio Central de Distribui\u00e7\u00e3o e Arrecada\u00e7\u00e3o) realizou recentemente um levantamento especial em lembran\u00e7a ao Dia do M\u00fasico, comemorado anualmente em 22 de novembro. Nele foram identificadas as 20 m\u00fasicas brasileiras mais tocadas em todos os segmentos de execu\u00e7\u00e3o p\u00fablica no Brasil nos \u00faltimos cinco anos. No ranking, o sertanejo deteve 85% da execu\u00e7\u00e3o p\u00fablica.<\/p>\n<p style=\"text-align: justify;\">No ranking produzido pelo \u00f3rg\u00e3o, foi constatado que o sertanejo foi o g\u00eanero musical mais presente no dia a dia dos brasileiros ao ocupar quatro das cinco primeiras posi\u00e7\u00f5es. Na lideran\u00e7a, ficou a m\u00fasica &#8220;Camarote&#8221;, de autoria de Barros Neto e Jota Reis, gravada originalmente por Wesley Safad\u00e3o (em 2015) e depois por v\u00e1rios outros artistas. &#8220;Foi meu single que mais rapidamente estourou, o p\u00fablico realmente se identificou com ele&#8221;, disse o artista cearense na \u00e9poca.<\/p>\n<p style=\"text-align: justify;\">Na segunda posi\u00e7\u00e3o, aparece o famoso &#8220;Parab\u00e9ns a Voc\u00ea&#8221;, m\u00fasica internacional vertida por aqui por Lea Magalh\u00e3es. Logo em seguida, &#8220;Aquele 1%&#8221;, (de autoria de Vin\u00edcius Poeta e Francisco Ara\u00fajo), gravada por Safad\u00e3o e Marcos e Belutti. &#8220;Sosseguei&#8221; (de Thallys Pacheco), registro original de Jorge e Mateus e &#8220;Seu Pol\u00edcia&#8221; (de J\u00fanior Angelim), gravado, entre outros, por Z\u00e9 Neto e Cristiano, formam o Top 5 da lista. Al\u00e9m disso, entre as 20 m\u00fasicas nacionais mais tocadas, as exce\u00e7\u00f5es ao sertanejo s\u00e3o apenas &#8220;Parab\u00e9ns a Voc\u00ea&#8221; e &#8220;N\u00e3o Quero Dinheiro&#8221;, cl\u00e1ssico de Tim Maia. Desta forma, o g\u00eanero mais popular do pa\u00eds ocupou 85% da execu\u00e7\u00e3o p\u00fablico nos \u00faltimos cinco anos.<\/p>\n<p style=\"text-align: justify;\"><em>Com informa\u00e7\u00f5es do portal Sucesso<\/em><\/p>\n<p>&nbsp;<\/p>\n<p>Fonte: Tudor\u00e1dio<\/p>\n","protected":false},"excerpt":{"rendered":"<p>O Ecad (Escrit\u00f3rio Central de Distribui\u00e7\u00e3o e Arrecada\u00e7\u00e3o) realizou recentemente&hellip;<\/p>\n<p> <a class=\"more-link\" href=\"https:\/\/sertsc.org.br\/site\/levantamento-do-ecad-aponta-que-sertanejo-detem-85-da-execucao-publica\/\">Leia mais<\/a><\/p>\n","protected":false},"author":1,"featured_media":14173,"comment_status":"open","ping_status":"open","sticky":false,"template":"","format":"standard","meta":{"footnotes":""},"categories":[3],"tags":[],"class_list":{"0":"post-14172","1":"post","2":"type-post","3":"status-publish","4":"format-standard","5":"has-post-thumbnail","7":"category-noticias"},"_links":{"self":[{"href":"https:\/\/sertsc.org.br\/site\/wp-json\/wp\/v2\/posts\/14172","targetHints":{"allow":["GET"]}}],"collection":[{"href":"https:\/\/sertsc.org.br\/site\/wp-json\/wp\/v2\/posts"}],"about":[{"href":"https:\/\/sertsc.org.br\/site\/wp-json\/wp\/v2\/types\/post"}],"author":[{"embeddable":true,"href":"https:\/\/sertsc.org.br\/site\/wp-json\/wp\/v2\/users\/1"}],"replies":[{"embeddable":true,"href":"https:\/\/sertsc.org.br\/site\/wp-json\/wp\/v2\/comments?post=14172"}],"version-history":[{"count":0,"href":"https:\/\/sertsc.org.br\/site\/wp-json\/wp\/v2\/posts\/14172\/revisions"}],"wp:featuredmedia":[{"embeddable":true,"href":"https:\/\/sertsc.org.br\/site\/wp-json\/"}],"wp:attachment":[{"href":"https:\/\/sertsc.org.br\/site\/wp-json\/wp\/v2\/media?parent=14172"}],"wp:term":[{"taxonomy":"category","embeddable":true,"href":"https:\/\/sertsc.org.br\/site\/wp-json\/wp\/v2\/categories?post=14172"},{"taxonomy":"post_tag","embeddable":true,"href":"https:\/\/sertsc.org.br\/site\/wp-json\/wp\/v2\/tags?post=14172"}],"curies":[{"name":"wp","href":"https:\/\/api.w.org\/{rel}","templated":true}]}}