{"id":14162,"date":"2020-11-24T09:29:42","date_gmt":"2020-11-24T12:29:42","guid":{"rendered":"https:\/\/www.sertsc.org.br\/site\/?p=14162"},"modified":"2020-11-24T09:29:42","modified_gmt":"2020-11-24T12:29:42","slug":"worlddab-2020-destaca-os-avancos-do-radio-digital-e-projeta-proximos-passos","status":"publish","type":"post","link":"https:\/\/sertsc.org.br\/site\/worlddab-2020-destaca-os-avancos-do-radio-digital-e-projeta-proximos-passos\/","title":{"rendered":"WorldDAB 2020 destaca os avan\u00e7os do r\u00e1dio digital e projeta pr\u00f3ximos passos"},"content":{"rendered":"<p style=\"text-align: justify;\">O r\u00e1dio digital no formato DAB + continua em destaque na ind\u00fastria devido os seus avan\u00e7os recentes na ades\u00e3o e uso da tecnologia, projetando agora os pr\u00f3ximos passos para o mercado. No in\u00edcio de novembro foi realizada a primeira edi\u00e7\u00e3o virtual do WorldDAB, devido a pandemia do novo coronav\u00edrus. A confer\u00eancia foi acompanhada por 200 participantes e contou com mais de 50 palestrantes. Temas como a expans\u00e3o da tecnologia de r\u00e1dio digital no setor automotivo e a expans\u00e3o para outros mercados estiveram em destaque.<\/p>\n<p style=\"text-align: justify;\">Segundo o portal RadioWorld, o presidente do WorldDAB, Patrick Hannon, fez uma atualiza\u00e7\u00e3o sobre os principais desenvolvimentos DAB + na Europa, \u00c1sia, \u00c1frica e Oriente M\u00e9dio. O executivo destacou tr\u00eas das prioridades da entidade: &#8220;fornecer mensagens claras sobre os benef\u00edcios do DAB +; garantir que DAB + seja inclu\u00eddo em receptores automotivos e de consumo; e impulsionar a ado\u00e7\u00e3o do DAB + em novos mercados&#8221;, informa a publica\u00e7\u00e3o.<\/p>\n<p style=\"text-align: justify;\">Foram acompanhados os processos de evolu\u00e7\u00e3o da tecnologia de r\u00e1dio digital em v\u00e1rios pa\u00edses, com destaques para algumas na\u00e7\u00f5es europeias. No caso da Alemanha, foi lan\u00e7ado um segundo sistema multiplex nacional, que passa a atingir 83% da popula\u00e7\u00e3o de l\u00e1. Trata-se de uma ferramenta que oferece mais op\u00e7\u00f5es aos ouvintes e oportunidades mais amplas para anunciantes de r\u00e1dio<\/p>\n<p style=\"text-align: justify;\">A Fran\u00e7a, pa\u00eds que est\u00e1 mais atr\u00e1s da digitaliza\u00e7\u00e3o de seu r\u00e1dio em rela\u00e7\u00e3o \u00e0 outras pot\u00eancias europeias, confirmou os planos de lan\u00e7ar o DAB+ nacional no pr\u00f3ximo ano, quando a radiodifus\u00e3o local completar\u00e1 100 anos. Segundo o RadioWorld, os lan\u00e7amentos regionais da tecnologia em todo o pa\u00eds continuar\u00e3o junto com o lan\u00e7amento nacional, come\u00e7ando com Bordeaux e Toulouse, mercados no sul do pa\u00eds.<\/p>\n<p style=\"text-align: justify;\">J\u00e1 a Su\u00ed\u00e7a, mais adiantada, confirmou durante o WorldDAB 2020 a inten\u00e7\u00e3o de desligar os servi\u00e7os de r\u00e1dio anal\u00f3gico a partir do ver\u00e3o de 2022, iniciando pela emissora p\u00fablica SRG SSR. J\u00e1 as r\u00e1dios privadas possuem um cronograma de desligamento at\u00e9 janeiro de 2023. Haver\u00e1 uma forte campanha nacional para promover ainda mais a ado\u00e7\u00e3o do r\u00e1dio digital pela popula\u00e7\u00e3o su\u00ed\u00e7a. Dabsy \u00e9 a mascote nacional da pe\u00e7a.<\/p>\n<p style=\"text-align: justify;\" data-fetch=\"true\">O Reino Unido, onde a audi\u00eancia digital (streaming de \u00e1udio e DAB+) j\u00e1 corresponde por 60% de toda a audi\u00e7\u00e3o, foi destacado que a transmiss\u00e3o de r\u00e1dio DAB+ corresponde j\u00e1 por 70% da parcela de escutas em plataformas digitais. Em 2020 foi anunciado o\u00a0<strong><a href=\"https:\/\/tudoradio.com\/noticias\/ver\/23768-apesar-do-avanco-do-dab-radio-analogico-em-am-e-fm-tem-seu-desligamento-adiado-para-2032-no-reino-unido\">adiamento do desligamento do AM\/FM anal\u00f3gico<\/a><\/strong>\u00a0que, mesmo com o forte avan\u00e7o do digital, o servi\u00e7o ainda permanece relevante. O desligamento est\u00e1 previsto para 2032.<\/p>\n<p style=\"text-align: justify;\">Como tamb\u00e9m j\u00e1 foi noticiado pela m\u00eddia especializada, a It\u00e1lia anunciou que todos os receptores de r\u00e1dio vendidos a partir de janeiro de 2020 deveriam incluir o digital. E o resultado foi que as vendas ao consumidor DAB + quase triplicaram no primeiro semestre deste ano, mesmo com o pa\u00eds sendo duramente atingido pela pandemia do novo coronav\u00edrus.<\/p>\n<p style=\"text-align: justify;\">A confer\u00eancia tamb\u00e9m destacou o avan\u00e7o do DAB+ na Rep\u00fablica Tcheca, pa\u00eds da Europa central. Por l\u00e1 a cobertura agora atinge 95% da popula\u00e7\u00e3o, e a emissora p\u00fablica Czech Radio anunciou a elimina\u00e7\u00e3o progressiva das transmiss\u00f5es de ondas longas e m\u00e9dias a partir de 2021.<\/p>\n<p style=\"text-align: justify;\">Sobre a \u00c1frica e no Oriente M\u00e9dio, a confer\u00eancia WorldDAB 2020 destacou que a Tun\u00edsia est\u00e1 trabalhando na isen\u00e7\u00e3o de impostos para receptores DAB + a partir do pr\u00f3ximo ano. E na \u00c1frica do Sul h\u00e1 um projeto de regulamento para o licenciamento de r\u00e1dios digitais, este que pode ser publicado at\u00e9 mar\u00e7o de 2021.<\/p>\n<p style=\"text-align: justify;\">Na Austr\u00e1lia, segundo apresenta\u00e7\u00e3o na WorldDAB 2020 e relatos do RadioWorld, as emissoras de r\u00e1dio comerciais &#8220;est\u00e3o monetizando com sucesso DAB +, oferecendo aos anunciantes um p\u00fablico mais amplo e maior alcance&#8221;, afirma a publica\u00e7\u00e3o.<\/p>\n<p style=\"text-align: justify;\"><strong>R\u00e1dio e os autom\u00f3veis<\/strong><\/p>\n<p style=\"text-align: justify;\" data-fetch=\"true\">Outro ponto importante destacado sobre a tecnologia, \u00e9 a presen\u00e7a do DAB+ em autom\u00f3veis. Um painel foi dedicado de forma exclusiva ao tema, destacando a introdu\u00e7\u00e3o de leis nacionais que fixam a presen\u00e7a da tecnologia de r\u00e1dio digital nos ve\u00edculos, realidade na Alemanha, Reino Unido, It\u00e1lia, Hungria, Gr\u00e9cia, Chipre e Malta.\u00a0<strong><a href=\"https:\/\/tudoradio.com\/noticias\/ver\/24172-tendencias-publicidade-em-smart-speakers-avanco-do-digital-na-europa-e-chip-fm-em-celulares-estao-no-radar-do-radio\">Recentemente o tudoradio.com destacou o avan\u00e7o desse cen\u00e1rio por pa\u00eds.<\/a><\/strong><\/p>\n<p style=\"text-align: justify;\">Em outro painel aconteceu um destaque do Google, que mostra o r\u00e1dio mantendo a sua lideran\u00e7a entre os aplicativos de m\u00eddia mais usados em carros. Mas h\u00e1 um alerta sobre o crescente interesse e competi\u00e7\u00e3o no espa\u00e7o dos sistemas de informa\u00e7\u00e3o e entretenimento (multim\u00eddia dos ve\u00edculos). Isso amplia a necessidade de a posi\u00e7\u00e3o do r\u00e1dio ser refor\u00e7ada e as emissoras podem ajudar a alcan\u00e7ar isso por meio de conte\u00fado visual atraente na forma de metadados.<\/p>\n<p style=\"text-align: justify;\">Outra novidade, anunciada na semana seguinte ao WorldDAB 2020, \u00e9 relacionada ao r\u00e1dio h\u00edbrido. A DTS Connected Radio anunciou que adicionou as letras de m\u00fasicas em seu sistema. Ou seja, \u00e9 poss\u00edvel acompanhar essas informa\u00e7\u00f5es de forma simult\u00e2nea \u00e0 m\u00fasica sendo executada pela emissora de r\u00e1dio. A fun\u00e7\u00e3o, que tem sido comum em aplicativos de r\u00e1dio e m\u00fasica via internet, agora est\u00e1 presente em 28 idiomas para a transmiss\u00e3o digital terrestre, atrav\u00e9s da tecnologia de r\u00e1dio h\u00edbrido.<\/p>\n<p style=\"text-align: justify;\">Vale recordar que o r\u00e1dio h\u00edbrido \u00e9 uma ferramenta que pode auxiliar diretamente nesse processo.<\/p>\n<p style=\"text-align: justify;\">\u00c9 poss\u00edvel acompanhar todas as sess\u00f5es do WorldDAB 2020 virtual atrav\u00e9s do canal da entidade no YouTube.\u00a0<strong><a href=\"https:\/\/www.youtube.com\/watch?v=MmMzGPkIoPc&amp;list=PLMSHyWiZb4XH8gBj0xC7uzooy2QNj_jjO\" target=\"_blank\" rel=\"noopener noreferrer\">Acesse aqui.<\/a><\/strong><\/p>\n<p style=\"text-align: justify;\"><em>Fonte: Tudor\u00e1dio<\/em><\/p>\n","protected":false},"excerpt":{"rendered":"<p>O r\u00e1dio digital no formato DAB + continua em destaque&hellip;<\/p>\n<p> <a class=\"more-link\" href=\"https:\/\/sertsc.org.br\/site\/worlddab-2020-destaca-os-avancos-do-radio-digital-e-projeta-proximos-passos\/\">Leia mais<\/a><\/p>\n","protected":false},"author":1,"featured_media":14163,"comment_status":"open","ping_status":"open","sticky":false,"template":"","format":"standard","meta":{"footnotes":""},"categories":[33,3],"tags":[],"class_list":{"0":"post-14162","1":"post","2":"type-post","3":"status-publish","4":"format-standard","5":"has-post-thumbnail","7":"category-destaques","8":"category-noticias"},"_links":{"self":[{"href":"https:\/\/sertsc.org.br\/site\/wp-json\/wp\/v2\/posts\/14162","targetHints":{"allow":["GET"]}}],"collection":[{"href":"https:\/\/sertsc.org.br\/site\/wp-json\/wp\/v2\/posts"}],"about":[{"href":"https:\/\/sertsc.org.br\/site\/wp-json\/wp\/v2\/types\/post"}],"author":[{"embeddable":true,"href":"https:\/\/sertsc.org.br\/site\/wp-json\/wp\/v2\/users\/1"}],"replies":[{"embeddable":true,"href":"https:\/\/sertsc.org.br\/site\/wp-json\/wp\/v2\/comments?post=14162"}],"version-history":[{"count":0,"href":"https:\/\/sertsc.org.br\/site\/wp-json\/wp\/v2\/posts\/14162\/revisions"}],"wp:featuredmedia":[{"embeddable":true,"href":"https:\/\/sertsc.org.br\/site\/wp-json\/"}],"wp:attachment":[{"href":"https:\/\/sertsc.org.br\/site\/wp-json\/wp\/v2\/media?parent=14162"}],"wp:term":[{"taxonomy":"category","embeddable":true,"href":"https:\/\/sertsc.org.br\/site\/wp-json\/wp\/v2\/categories?post=14162"},{"taxonomy":"post_tag","embeddable":true,"href":"https:\/\/sertsc.org.br\/site\/wp-json\/wp\/v2\/tags?post=14162"}],"curies":[{"name":"wp","href":"https:\/\/api.w.org\/{rel}","templated":true}]}}