{"id":14143,"date":"2020-11-19T15:57:57","date_gmt":"2020-11-19T18:57:57","guid":{"rendered":"https:\/\/www.sertsc.org.br\/site\/?p=14143"},"modified":"2020-11-19T15:57:57","modified_gmt":"2020-11-19T18:57:57","slug":"eleicoes-municipais-ressaltam-forca-do-radio-como-veiculo-noticioso-de-utilidade-publica","status":"publish","type":"post","link":"https:\/\/sertsc.org.br\/site\/eleicoes-municipais-ressaltam-forca-do-radio-como-veiculo-noticioso-de-utilidade-publica\/","title":{"rendered":"Elei\u00e7\u00f5es municipais ressaltam for\u00e7a do R\u00e1dio como ve\u00edculo noticioso de utilidade p\u00fablica"},"content":{"rendered":"<p style=\"text-align: justify;\"><em>Por Germano Assad<\/em><\/p>\n<p style=\"text-align: justify;\">Per\u00edodo eleitoral \u00e9 sempre uma oportunidade para que emissoras alcancem maior audi\u00eancia e engajamento com o p\u00fablico. E ano a ano, ve\u00edculos de r\u00e1dio seguem protagonizando a cobertura especial do maior evento democr\u00e1tico do pa\u00eds, especialmente nas disputas regionais.<\/p>\n<p style=\"text-align: justify;\">Segundo o Google Trends, ferramenta que revela o comportamento de usu\u00e1rios em buscas no pr\u00f3prio Google, pesquisas por palavras relacionadas ao meio explodiram no per\u00edodo que antecedeu a corrida eleitoral. Para se ter uma id\u00e9ia, buscas contendo a palavra R\u00e1dio aumentaram em 525% nos \u00faltimos sete dias<strong>,<\/strong>\u00a0com pico no pr\u00f3prio domingo.<\/p>\n<p style=\"text-align: justify;\">E o dia dos pleitos municipais n\u00e3o s\u00f3 confirmou a tend\u00eancia, como a voca\u00e7\u00e3o do ve\u00edculo: O grande p\u00fablico usou os canais digitais para acessar a sua r\u00e1dio preferida.<strong>\u00a0<\/strong>\u201cO pico de audi\u00eancia de emissoras j\u00e1 era uma tend\u00eancia, o que mostra a import\u00e2ncia do r\u00e1dio como fonte de informa\u00e7\u00e3o local. J\u00e1 acontecia em outras elei\u00e7\u00f5es, s\u00f3 que em menor volume na internet\u201d, diz Daniel Starck, jornalista e propriet\u00e1rio do tudoradio.com.<\/p>\n<p style=\"text-align: justify;\">O portal, que disponibiliza\u00a0<em>streaming<\/em>\u00a0de emissoras de todo o Brasil, j\u00e1 havia constatado volume de acessos acima do normal desde o in\u00edcio da manh\u00e3 de domingo, quando a vota\u00e7\u00e3o foi liberada, \u00e0s 7h. Mas a partir das 16h e at\u00e9 as 20h, chegou a registrar picos de audi\u00eancia 10 vezes superior ao maior volume de acessos do site em dias comuns.<\/p>\n<p style=\"text-align: justify;\">Mesmo com in\u00fameras op\u00e7\u00f5es de sites disponibilizando contagem de votos em tempo real, o r\u00e1dio foi muito buscado pelo p\u00fablico. \u201cAs pessoas querem ouvir o que os comentaristas t\u00eam a dizer, querem interagir. Elei\u00e7\u00f5es t\u00eam muito a ver com r\u00e1dio, que vive e transmite o momento desde o hor\u00e1rio eleitoral, da prepara\u00e7\u00e3o. \u00c9 o meio local para isso\u201d, opina Starck.<\/p>\n<p style=\"text-align: justify;\">A Rede Aerp de Not\u00edcias cobriu em tempo real e integral o domingo de elei\u00e7\u00f5es, que neste ano trouxe desafios \u00e0 parte aos comunicadores de todo o estado, pelo atraso na apura\u00e7\u00e3o por parte do TSE e sobrecarga nos canais oficiais de comunica\u00e7\u00e3o do judici\u00e1rio. \u201cCada detalhe de novidade sobre a espera e os motivos do congestionamento no TSE foi compartilhado entre os radiodifusores. O que, na sequ\u00eancia, se transformava em not\u00edcia em tempo real para os ouvintes\u201d, conta a coordenadora de jornalismo da Rede Aerp de Not\u00edcias, Juliana Sartori.<\/p>\n<p style=\"text-align: justify;\">A jornalista aponta a troca constante de atualiza\u00e7\u00f5es, materiais e informa\u00e7\u00e3o como um dos pontos altos do trabalho de domingo. \u201cTer a certeza da for\u00e7a do r\u00e1dio como ve\u00edculo de natureza colaborativa \u00e9 muito gratificante. Aproveitamos a exist\u00eancia do grupo de WhatsApp da Rede Aerp para trocar informa\u00e7\u00f5es, boletins gravados e sonoras com autoridades da Justi\u00e7a Eleitoral\u201d.<\/p>\n<p style=\"text-align: justify;\">Diogo de Assis, da R\u00e1dio Goioer\u00ea FM, foi um dos associados que cobriu a elei\u00e7\u00e3o e participou deste interc\u00e2mbio. Para ele o material trocado permitiu que profissionais de plant\u00e3o fossem rodando e ajudando a criar o clima de expectativa para o momento da apura\u00e7\u00e3o. \u201cUtilizamos os boletins da Rede Aerp de Not\u00edcias antes das cinco, e eles foram ao ar criando aquela expectativa de como estava o dia das elei\u00e7\u00f5es, trouxeram informa\u00e7\u00f5es a n\u00edvel estadual e n\u00f3s produzimos o local. A partir das cinco da tarde come\u00e7amos a fazer nossa cobertura simult\u00e2nea pela r\u00e1dio e tamb\u00e9m uma live pelo facebook\u201d.<\/p>\n<p style=\"text-align: justify;\">O complemento de conte\u00fado, com panorama regional mais amplo e as informa\u00e7\u00f5es de outras cidades permitiu que o p\u00fablico seguisse acompanhando a cobertura, mesmo com o atraso na contagem, e, por conseguinte, dura\u00e7\u00e3o muito maior que o usual. \u201cTivemos uma grande audi\u00eancia aqui na nossa regi\u00e3o, todo mundo ligado, temos v\u00e1rios depoimentos de pessoas que ficaram conosco at\u00e9 \u00e0s 11h30 da noite, hor\u00e1rio que finalizamos as transmiss\u00f5es. Tivemos a participa\u00e7\u00e3o ao vivo da Juliana Sartori a\u00ed de Curitiba, falando do cen\u00e1rio na capital, por volta das 18h, ela ligou, participou ao vivo aqui da nossa cobertura, dando um respaldo ainda maior ao nosso trabalho em n\u00edvel regional e estadual\u201d, relata.<\/p>\n<p style=\"text-align: justify;\">\u201cEssa troca de informa\u00e7\u00f5es poderia ser ainda melhor, poder\u00edamos ter gravado um boletim da nossa zona eleitoral espec\u00edfica, e quem tivesse interesse em rodar, principalmente as cidades mais pr\u00f3ximas, poderia usar, por exemplo, mas n\u00e3o foi o caso, por conta do atraso\u201d, conclui Diogo.<\/p>\n<p style=\"text-align: justify;\">Para Sartori, ainda que o atraso e demais problemas tenham gerado um clima de expectativa e certa perplexidade entre profissionais da imprensa e na popula\u00e7\u00e3o, n\u00e3o acarretou em grandes preju\u00edzos ao processo eleitoral como um todo, ainda mais diante da conturbada elei\u00e7\u00e3o americana, que o mundo acompanhou recentemente. \u201cRevelou como estamos todos acostumados a um padr\u00e3o de excel\u00eancia eleitoral no Brasil que sempre apresentou pouqu\u00edssimas falhas e muita confiabilidade\u201d, opina.<\/p>\n<p style=\"text-align: justify;\">\n<p style=\"text-align: justify;\">Fonte: AERP<\/p>\n","protected":false},"excerpt":{"rendered":"<p>Por Germano Assad Per\u00edodo eleitoral \u00e9 sempre uma oportunidade para&hellip;<\/p>\n<p> <a class=\"more-link\" href=\"https:\/\/sertsc.org.br\/site\/eleicoes-municipais-ressaltam-forca-do-radio-como-veiculo-noticioso-de-utilidade-publica\/\">Leia mais<\/a><\/p>\n","protected":false},"author":1,"featured_media":14144,"comment_status":"open","ping_status":"open","sticky":false,"template":"","format":"standard","meta":{"footnotes":""},"categories":[3],"tags":[],"class_list":{"0":"post-14143","1":"post","2":"type-post","3":"status-publish","4":"format-standard","5":"has-post-thumbnail","7":"category-noticias"},"_links":{"self":[{"href":"https:\/\/sertsc.org.br\/site\/wp-json\/wp\/v2\/posts\/14143","targetHints":{"allow":["GET"]}}],"collection":[{"href":"https:\/\/sertsc.org.br\/site\/wp-json\/wp\/v2\/posts"}],"about":[{"href":"https:\/\/sertsc.org.br\/site\/wp-json\/wp\/v2\/types\/post"}],"author":[{"embeddable":true,"href":"https:\/\/sertsc.org.br\/site\/wp-json\/wp\/v2\/users\/1"}],"replies":[{"embeddable":true,"href":"https:\/\/sertsc.org.br\/site\/wp-json\/wp\/v2\/comments?post=14143"}],"version-history":[{"count":0,"href":"https:\/\/sertsc.org.br\/site\/wp-json\/wp\/v2\/posts\/14143\/revisions"}],"wp:featuredmedia":[{"embeddable":true,"href":"https:\/\/sertsc.org.br\/site\/wp-json\/"}],"wp:attachment":[{"href":"https:\/\/sertsc.org.br\/site\/wp-json\/wp\/v2\/media?parent=14143"}],"wp:term":[{"taxonomy":"category","embeddable":true,"href":"https:\/\/sertsc.org.br\/site\/wp-json\/wp\/v2\/categories?post=14143"},{"taxonomy":"post_tag","embeddable":true,"href":"https:\/\/sertsc.org.br\/site\/wp-json\/wp\/v2\/tags?post=14143"}],"curies":[{"name":"wp","href":"https:\/\/api.w.org\/{rel}","templated":true}]}}