{"id":14139,"date":"2020-11-19T09:42:31","date_gmt":"2020-11-19T12:42:31","guid":{"rendered":"https:\/\/www.sertsc.org.br\/site\/?p=14139"},"modified":"2020-11-19T09:42:31","modified_gmt":"2020-11-19T12:42:31","slug":"nem-o-apagao-foi-capaz-de-parar-o-radio","status":"publish","type":"post","link":"https:\/\/sertsc.org.br\/site\/nem-o-apagao-foi-capaz-de-parar-o-radio\/","title":{"rendered":"Nem o apag\u00e3o foi capaz de parar o r\u00e1dio"},"content":{"rendered":"<p style=\"text-align: justify;\"><em>Por Fernando Morgado<\/em><\/p>\n<p style=\"text-align: justify;\">Primeiro, a pandemia de covid-19. Depois, as convuls\u00f5es da pol\u00edtica e as elei\u00e7\u00f5es brasileiras e estadunidenses. Por fim, o apag\u00e3o no Amap\u00e1. Este 2020 ficar\u00e1 marcado como o ano das situa\u00e7\u00f5es extremas. E \u00e9 justamente em situa\u00e7\u00f5es assim que o r\u00e1dio conquista ainda mais espa\u00e7o e renova sua import\u00e2ncia.<\/p>\n<p style=\"text-align: justify;\" data-fetch=\"true\">A falta de energia el\u00e9trica impacta todos os setores, incluindo o de comunica\u00e7\u00e3o. Ve\u00edculos sofrem n\u00e3o apenas com a redu\u00e7\u00e3o for\u00e7ada da capacidade de produ\u00e7\u00e3o e transmiss\u00e3o, mas tamb\u00e9m de recep\u00e7\u00e3o. Muitos amapaenses ainda n\u00e3o podem ligar seus aparelhos de TV e carregar seus celulares em casa. Internet e telefone funcionam de maneira prec\u00e1ria. At\u00e9 sair para comprar um jornal tornou-se algo delicado de ser feito, dado o aumento vertiginoso da criminalidade.<\/p>\n<p style=\"text-align: justify;\">Mesmo diante de tantas dificuldades, o r\u00e1dio segue no ar e se fazendo ouvir. Ocupa posi\u00e7\u00e3o de refer\u00eancia tanto para a sociedade em geral quanto para as demais m\u00eddias, pois gera conte\u00fado local que pauta as discuss\u00f5es e ajuda o cidad\u00e3o a tomar decis\u00f5es neste momento t\u00e3o delicado.<\/p>\n<p style=\"text-align: justify;\">Uma das maiores for\u00e7as do r\u00e1dio, meio centen\u00e1rio e pioneiro no campo da eletr\u00f4nica, \u00e9 a sua simplicidade. E isto se comprova, por exemplo, no ato de escutar r\u00e1dio. Ele n\u00e3o exige que a pessoa compre aparelhos caros, saiba ler ou escrever, tenha dom\u00ednio de inform\u00e1tica ou no\u00e7\u00e3o b\u00e1sica de ingl\u00eas. Tamb\u00e9m n\u00e3o envolve qualquer tipo de pagamento por parte da audi\u00eancia. Trata-se, portanto, de um servi\u00e7o p\u00fablico com alto impacto social.<\/p>\n<p style=\"text-align: justify;\">A simplicidade tamb\u00e9m lastreia outro valor fundamental do r\u00e1dio: a resili\u00eancia. A capacidade de se recompor e superar desafios. O popular &#8220;enverga, mas n\u00e3o quebra&#8221;. A linguagem do r\u00e1dio, t\u00e3o acess\u00edvel e direta, resiste aos impactos da concorr\u00eancia crescente porque se adapta \u00e0s particularidades de cada per\u00edodo hist\u00f3rico. Foi assim, por exemplo, quando as emissoras trocaram os grandes audit\u00f3rios pelos pequenos est\u00fadios, construindo uma rela\u00e7\u00e3o mais pr\u00f3xima com a audi\u00eancia, que deixou de se concentrar na sala de estar. Em todo lugar \u00e9 poss\u00edvel avistar algu\u00e9m carregando um aparelho \u2014 de um simples r\u00e1dio de pilha at\u00e9 um sofisticado smartphone \u2014 sintonizado na sua esta\u00e7\u00e3o preferida.<\/p>\n<p style=\"text-align: justify;\">O papel exercido pelo r\u00e1dio durante a crise do Amap\u00e1 \u00e9 mais uma prova do valor incomensur\u00e1vel que esse meio possui, a despeito das incont\u00e1veis op\u00e7\u00f5es de entretenimento e informa\u00e7\u00e3o existentes nos dias atuais. Conforme j\u00e1 escrevi em outros artigos, m\u00eddias n\u00e3o morrem. Elas se acumulam e se complementam, ocupando espa\u00e7os espec\u00edficos dentro da rotina de cada indiv\u00edduo, mesmo que ele n\u00e3o disponha de energia el\u00e9trica, afinal, enquanto houver r\u00e1dio \u2014 nem que seja a\u00a0<a href=\"https:\/\/www.sony-asia.com\/electronics\/support\/product\/icf-b88\">manivela<\/a>\u00a0\u2014, haver\u00e1 servi\u00e7o, divers\u00e3o e companhia.<\/p>\n<p style=\"text-align: justify;\">Fonte: Tudor\u00e1dio<\/p>\n","protected":false},"excerpt":{"rendered":"<p>Por Fernando Morgado Primeiro, a pandemia de covid-19. Depois, as&hellip;<\/p>\n<p> <a class=\"more-link\" href=\"https:\/\/sertsc.org.br\/site\/nem-o-apagao-foi-capaz-de-parar-o-radio\/\">Leia mais<\/a><\/p>\n","protected":false},"author":1,"featured_media":14140,"comment_status":"open","ping_status":"open","sticky":false,"template":"","format":"standard","meta":{"footnotes":""},"categories":[36,33],"tags":[],"class_list":{"0":"post-14139","1":"post","2":"type-post","3":"status-publish","4":"format-standard","5":"has-post-thumbnail","7":"category-artigos","8":"category-destaques"},"_links":{"self":[{"href":"https:\/\/sertsc.org.br\/site\/wp-json\/wp\/v2\/posts\/14139","targetHints":{"allow":["GET"]}}],"collection":[{"href":"https:\/\/sertsc.org.br\/site\/wp-json\/wp\/v2\/posts"}],"about":[{"href":"https:\/\/sertsc.org.br\/site\/wp-json\/wp\/v2\/types\/post"}],"author":[{"embeddable":true,"href":"https:\/\/sertsc.org.br\/site\/wp-json\/wp\/v2\/users\/1"}],"replies":[{"embeddable":true,"href":"https:\/\/sertsc.org.br\/site\/wp-json\/wp\/v2\/comments?post=14139"}],"version-history":[{"count":0,"href":"https:\/\/sertsc.org.br\/site\/wp-json\/wp\/v2\/posts\/14139\/revisions"}],"wp:featuredmedia":[{"embeddable":true,"href":"https:\/\/sertsc.org.br\/site\/wp-json\/"}],"wp:attachment":[{"href":"https:\/\/sertsc.org.br\/site\/wp-json\/wp\/v2\/media?parent=14139"}],"wp:term":[{"taxonomy":"category","embeddable":true,"href":"https:\/\/sertsc.org.br\/site\/wp-json\/wp\/v2\/categories?post=14139"},{"taxonomy":"post_tag","embeddable":true,"href":"https:\/\/sertsc.org.br\/site\/wp-json\/wp\/v2\/tags?post=14139"}],"curies":[{"name":"wp","href":"https:\/\/api.w.org\/{rel}","templated":true}]}}