{"id":14131,"date":"2020-11-19T08:42:30","date_gmt":"2020-11-19T11:42:30","guid":{"rendered":"https:\/\/www.sertsc.org.br\/site\/?p=14131"},"modified":"2020-11-19T08:42:30","modified_gmt":"2020-11-19T11:42:30","slug":"ministerio-das-comunicacoes-flexibiliza-retransmissao-da-voz-do-brasil-em-dias-de-jogos-da-selecao-brasileira","status":"publish","type":"post","link":"https:\/\/sertsc.org.br\/site\/ministerio-das-comunicacoes-flexibiliza-retransmissao-da-voz-do-brasil-em-dias-de-jogos-da-selecao-brasileira\/","title":{"rendered":"Minist\u00e9rio das Comunica\u00e7\u00f5es flexibiliza retransmiss\u00e3o da Voz do Brasil em dias de jogos da sele\u00e7\u00e3o brasileira"},"content":{"rendered":"<p style=\"text-align: justify;\">Mais uma Portaria do Minist\u00e9rio das Comunica\u00e7\u00f5es publicada no Di\u00e1rio Oficial da Uni\u00e3o desta ter\u00e7a-feira,17, garante a flexibiliza\u00e7\u00e3o da transmiss\u00e3o do programa A Voz do Brasil. Dessa vez, as emissoras autorizadas ao benef\u00edcio ser\u00e3o aquelas que retransmitirem jogos da sele\u00e7\u00e3o brasileira de futebol masculino e feminino. A flexibiliza\u00e7\u00e3o vale enquanto durar o per\u00edodo de pandemia ocasionado pelo Coronav\u00edrus (Covid-19).<\/p>\n<p style=\"text-align: justify;\">A\u00a0<a href=\"https:\/\/www.in.gov.br\/web\/dou\/-\/portaria-n-1.394\/sei-mcom-de-16-de-novembro-de-2020-288461809\" target=\"_blank\" rel=\"noreferrer noopener\">Portaria n\u00ba 1.394\/SEI-MCOM<\/a>\u00a0de 16 de novembro de 2020 diz que para a transmiss\u00e3o de jogos com in\u00edcio marcado entre as 19h e as 20h30, A Voz do Brasil poder\u00e1 ser retransmitida, sem cortes, com in\u00edcio at\u00e9 23h do mesmo dia. Para a transmiss\u00e3o de jogos com in\u00edcio marcado para depois das 20h30, o programa poder\u00e1 ser retransmitido, sem cortes, antes do jogo, nos hor\u00e1rios originalmente previstos, ou com in\u00edcio at\u00e9 as 23h30 do mesmo dia.<\/p>\n<p style=\"text-align: justify;\">Para fazer jus \u00e0 possibilidade de flexibiliza\u00e7\u00e3o, as emissoras de r\u00e1dio dever\u00e3o realizar a transmiss\u00e3o integral das partidas de futebol.<\/p>\n<p style=\"text-align: justify;\">Dispensa de retransmiss\u00e3o<\/p>\n<p style=\"text-align: justify;\">A Portaria tamb\u00e9m prev\u00ea as hip\u00f3teses em que a emissora de r\u00e1dio pode ficar dispensada da retransmiss\u00e3o. A primeira delas \u00e9 caso o jogo que a emissora estiver transmitindo v\u00e1 para a prorroga\u00e7\u00e3o ou resulte em decis\u00e3o por cobran\u00e7a de p\u00eanaltis, impedindo seu t\u00e9rmino at\u00e9 os hor\u00e1rios limites fixados para in\u00edcio da retransmiss\u00e3o, conforme os hor\u00e1rios j\u00e1 fixados anteriormente; ou ocorra alguma situa\u00e7\u00e3o de for\u00e7a maior durante o jogo que impe\u00e7a seu t\u00e9rmino at\u00e9 os hor\u00e1rios limites fixados para in\u00edcio da retransmiss\u00e3o.<\/p>\n<p>&nbsp;<\/p>\n<p>Fonte: TelaViva<\/p>\n","protected":false},"excerpt":{"rendered":"<p>Mais uma Portaria do Minist\u00e9rio das Comunica\u00e7\u00f5es publicada no Di\u00e1rio&hellip;<\/p>\n<p> <a class=\"more-link\" href=\"https:\/\/sertsc.org.br\/site\/ministerio-das-comunicacoes-flexibiliza-retransmissao-da-voz-do-brasil-em-dias-de-jogos-da-selecao-brasileira\/\">Leia mais<\/a><\/p>\n","protected":false},"author":1,"featured_media":14132,"comment_status":"open","ping_status":"open","sticky":false,"template":"","format":"standard","meta":{"footnotes":""},"categories":[3],"tags":[],"class_list":{"0":"post-14131","1":"post","2":"type-post","3":"status-publish","4":"format-standard","5":"has-post-thumbnail","7":"category-noticias"},"_links":{"self":[{"href":"https:\/\/sertsc.org.br\/site\/wp-json\/wp\/v2\/posts\/14131","targetHints":{"allow":["GET"]}}],"collection":[{"href":"https:\/\/sertsc.org.br\/site\/wp-json\/wp\/v2\/posts"}],"about":[{"href":"https:\/\/sertsc.org.br\/site\/wp-json\/wp\/v2\/types\/post"}],"author":[{"embeddable":true,"href":"https:\/\/sertsc.org.br\/site\/wp-json\/wp\/v2\/users\/1"}],"replies":[{"embeddable":true,"href":"https:\/\/sertsc.org.br\/site\/wp-json\/wp\/v2\/comments?post=14131"}],"version-history":[{"count":0,"href":"https:\/\/sertsc.org.br\/site\/wp-json\/wp\/v2\/posts\/14131\/revisions"}],"wp:featuredmedia":[{"embeddable":true,"href":"https:\/\/sertsc.org.br\/site\/wp-json\/"}],"wp:attachment":[{"href":"https:\/\/sertsc.org.br\/site\/wp-json\/wp\/v2\/media?parent=14131"}],"wp:term":[{"taxonomy":"category","embeddable":true,"href":"https:\/\/sertsc.org.br\/site\/wp-json\/wp\/v2\/categories?post=14131"},{"taxonomy":"post_tag","embeddable":true,"href":"https:\/\/sertsc.org.br\/site\/wp-json\/wp\/v2\/tags?post=14131"}],"curies":[{"name":"wp","href":"https:\/\/api.w.org\/{rel}","templated":true}]}}