{"id":14099,"date":"2020-11-16T08:39:41","date_gmt":"2020-11-16T11:39:41","guid":{"rendered":"https:\/\/www.sertsc.org.br\/site\/?p=14099"},"modified":"2020-11-16T08:39:41","modified_gmt":"2020-11-16T11:39:41","slug":"analise-eleicoes-reafirmam-a-forca-do-radio-e-seu-papel-local-meio-cresce-nos-canais-digitais","status":"publish","type":"post","link":"https:\/\/sertsc.org.br\/site\/analise-eleicoes-reafirmam-a-forca-do-radio-e-seu-papel-local-meio-cresce-nos-canais-digitais\/","title":{"rendered":"An\u00e1lise: Elei\u00e7\u00f5es reafirmam a for\u00e7a do r\u00e1dio e seu papel local. Meio cresce nos canais digitais"},"content":{"rendered":"<p style=\"text-align: justify;\">Como era de se esperar, o primeiro turno das elei\u00e7\u00f5es municipais atraiu um grande interesse do p\u00fablico na cobertura realizada pelos ve\u00edculos de comunica\u00e7\u00e3o. E o r\u00e1dio teve um papel de destaque neste domingo (15). A procura na internet pelas coberturas ao vivo realizadas pelas esta\u00e7\u00f5es foi recorde, onda constatada em praticamente todas as regi\u00f5es do pa\u00eds. Para se ter uma ideia, o\u00a0<strong>tudoradio.com<\/strong>\u00a0registrou volumes de audi\u00eancia que superam em 10 vezes o pico tradicional verificado em dias de semana.<\/p>\n<p style=\"text-align: justify;\">Em seu diret\u00f3rio de r\u00e1dios ao vivo, o\u00a0<strong>tudoradio.com\u00a0<\/strong>constatou um avan\u00e7o acima do normal em acessos j\u00e1 nas primeiras horas do dia, quando o processo de vota\u00e7\u00e3o foi iniciado (as 07h00). Mas os volumes de acessos foram ampliados de forma mais significativa a partir das 16h00 (hor\u00e1rio de Bras\u00edlia),\u00a0<em><strong>com o pico 10 vezes superior ao maior volume de acessos do portal sendo mantido entre 17h00 e 20h00<\/strong><\/em>. A normaliza\u00e7\u00e3o do tr\u00e1fego de acessos foi percebida apenas as 0h30, j\u00e1 na segunda-feira (16).<\/p>\n<p style=\"text-align: justify;\">Nesses acessos estavam pessoas interessadas na cobertura sobre a apura\u00e7\u00e3o eleitoral local, assim como os coment\u00e1rios feitos pelas equipes das emissoras. Afinal, s\u00e3o v\u00e1rios os portais de internet que disponibilizam a contagem de votos em tempo real no on-line. Mesmo com essa facilidade,\u00a0<em><strong>o r\u00e1dio foi buscado<\/strong><\/em>.<\/p>\n<p style=\"text-align: justify;\">E a onda de acessos n\u00e3o foi exclusividade de uma determinada r\u00e1dio ou aconteceu em poucas regi\u00f5es. Foi em praticamente todo o pa\u00eds.\u00a0<em><strong>Foram constatados fluxos de acessos significativos em todos os estados<\/strong><\/em>, beneficiando muitas\u00a0<em><strong>emissoras de cidades m\u00e9dias e pequenas<\/strong><\/em>.<\/p>\n<p style=\"text-align: justify;\"><strong>Internet \u00e9 uma realidade. E o r\u00e1dio est\u00e1 nela<\/strong><\/p>\n<p style=\"text-align: justify;\">O movimento visto ontem nos canais digitais mostram que a internet \u00e9 algo que j\u00e1 faz parte do cotidiano da popula\u00e7\u00e3o, independente da localidade. E o r\u00e1dio j\u00e1 est\u00e1 inserido nesse contexto, independente da qualidade do trabalho feito por determinada emissora.\u00a0<em><strong>O p\u00fablico usou os canais digitais para acessar a sua r\u00e1dio preferida<\/strong><\/em>.<\/p>\n<p style=\"text-align: justify;\">Esse cen\u00e1rio colabora que o avan\u00e7o tecnol\u00f3gico deve ser considerado por qualquer emissora e trata-se de uma oportunidade de manter a relev\u00e2ncia do meio. E essa onda virtual n\u00e3o significa uma procura menor do r\u00e1dio AM e FM via ondas terrestres, como provavelmente os institutos que aferem a audi\u00eancia do r\u00e1dio devem constatar.<\/p>\n<p style=\"text-align: justify;\"><strong>A import\u00e2ncia local do r\u00e1dio\u00a0<\/strong><\/p>\n<p style=\"text-align: justify;\" data-fetch=\"true\">Esse foi outro ponto refor\u00e7ado neste domingo (15). Ele n\u00e3o diz respeito se uma emissora possu\u00ed uma bandeira local ou de rede, mas sim o que a esta\u00e7\u00e3o oferece quando h\u00e1 um tema de grande interesse de sua localidade. E as elei\u00e7\u00f5es mostram isso:\u00a0<em><strong>na onda virtual foram beneficiadas r\u00e1dios de diferentes formatos e bandeiras, mas que se dedicaram a prestar alguma informa\u00e7\u00e3o sobre a corrida eleitoral local<\/strong><\/em>.<\/p>\n<p style=\"text-align: justify;\">Claro que a cobertura de grandes redes e de esta\u00e7\u00f5es em centros maiores, destacadas nesta reda\u00e7\u00e3o durante a semana passada, tamb\u00e9m foram relevantes, expondo n\u00fameros expressivos em suas transmiss\u00f5es multiplataformas.<\/p>\n<p style=\"text-align: justify;\">De qualquer forma, os n\u00fameros coletados por diferentes plataformas e emissoras neste domingo refor\u00e7aram, de novo,\u00a0<em><strong>a relev\u00e2ncia do r\u00e1dio para a popula\u00e7\u00e3o e como o meio j\u00e1 est\u00e1 integrado \u00e0 internet<\/strong><\/em>.<\/p>\n<p style=\"text-align: justify;\">Vale lembrar que os dados de acessos ainda ser\u00e3o consolidados e podem sofrer atualiza\u00e7\u00f5es. E eles n\u00e3o representam todo o volume de acessos que uma r\u00e1dio pode ter, pois ela conta tamb\u00e9m com seu portal, aplicativos, redes sociais e outros diret\u00f3rios agregadores\/indexadores.<\/p>\n<p style=\"text-align: justify;\">Fonte: Tudor\u00e1dio<\/p>\n","protected":false},"excerpt":{"rendered":"<p>Como era de se esperar, o primeiro turno das elei\u00e7\u00f5es&hellip;<\/p>\n<p> <a class=\"more-link\" href=\"https:\/\/sertsc.org.br\/site\/analise-eleicoes-reafirmam-a-forca-do-radio-e-seu-papel-local-meio-cresce-nos-canais-digitais\/\">Leia mais<\/a><\/p>\n","protected":false},"author":1,"featured_media":14100,"comment_status":"open","ping_status":"open","sticky":false,"template":"","format":"standard","meta":{"footnotes":""},"categories":[3],"tags":[],"class_list":{"0":"post-14099","1":"post","2":"type-post","3":"status-publish","4":"format-standard","5":"has-post-thumbnail","7":"category-noticias"},"_links":{"self":[{"href":"https:\/\/sertsc.org.br\/site\/wp-json\/wp\/v2\/posts\/14099","targetHints":{"allow":["GET"]}}],"collection":[{"href":"https:\/\/sertsc.org.br\/site\/wp-json\/wp\/v2\/posts"}],"about":[{"href":"https:\/\/sertsc.org.br\/site\/wp-json\/wp\/v2\/types\/post"}],"author":[{"embeddable":true,"href":"https:\/\/sertsc.org.br\/site\/wp-json\/wp\/v2\/users\/1"}],"replies":[{"embeddable":true,"href":"https:\/\/sertsc.org.br\/site\/wp-json\/wp\/v2\/comments?post=14099"}],"version-history":[{"count":0,"href":"https:\/\/sertsc.org.br\/site\/wp-json\/wp\/v2\/posts\/14099\/revisions"}],"wp:featuredmedia":[{"embeddable":true,"href":"https:\/\/sertsc.org.br\/site\/wp-json\/"}],"wp:attachment":[{"href":"https:\/\/sertsc.org.br\/site\/wp-json\/wp\/v2\/media?parent=14099"}],"wp:term":[{"taxonomy":"category","embeddable":true,"href":"https:\/\/sertsc.org.br\/site\/wp-json\/wp\/v2\/categories?post=14099"},{"taxonomy":"post_tag","embeddable":true,"href":"https:\/\/sertsc.org.br\/site\/wp-json\/wp\/v2\/tags?post=14099"}],"curies":[{"name":"wp","href":"https:\/\/api.w.org\/{rel}","templated":true}]}}