{"id":14090,"date":"2020-11-13T08:52:42","date_gmt":"2020-11-13T11:52:42","guid":{"rendered":"https:\/\/www.sertsc.org.br\/site\/?p=14090"},"modified":"2020-11-13T08:52:42","modified_gmt":"2020-11-13T11:52:42","slug":"acaert-40-anos-acaert-entrevista-presidentes-da-entidade","status":"publish","type":"post","link":"https:\/\/sertsc.org.br\/site\/acaert-40-anos-acaert-entrevista-presidentes-da-entidade\/","title":{"rendered":"ACAERT 40 ANOS &#8211; ACAERT entrevista presidentes da entidade"},"content":{"rendered":"<p style=\"font-weight: 400; text-align: justify;\">A ACAERT realizou nesta semana uma s\u00e9rie de entrevistas individuais em v\u00eddeo com os ex-presidentes e com o atual para resgatar a trajet\u00f3ria de quatro d\u00e9cadas da entidade. Participaram das entrevistas<b><strong>\u00a0Roberto Amaral, Evel\u00e1sio Paulo Vieira, Carlos Aberto Ross, Paulo Veloso, Marcello Corr\u00eaa Petrelli, Ranieri Moacir Bertoli, Marise Westphal Hartke, Rubens Olbrisch e Silvano Silva<\/strong><\/b>. Nesta sexta-feira ser\u00e1 com\u00a0<b><strong>Pedro Peiter<\/strong><\/b>, em Palmitos.<\/p>\n<p style=\"font-weight: 400; text-align: justify;\">Os dirigentes falaram sobre a cria\u00e7\u00e3o da ACAERT, as a\u00e7\u00f5es desenvolvidas para o fortalecimento e profissionaliza\u00e7\u00e3o do radiodifusor, a implanta\u00e7\u00e3o dos servi\u00e7os nas \u00e1reas comercial, jornalismo, t\u00e9cnica, jur\u00eddica e de comunica\u00e7\u00e3o. Relembram momentos marcantes que ajudaram a construir uma entidade que se tornou refer\u00eancia para o Brasil. As entrevistas foram conduzidas pelo jornalista Marco Aur\u00e9lio Gomes, assessor de Imprensa.<\/p>\n<p style=\"font-weight: 400; text-align: justify;\">As redes sociais e o site da ACAERT exibir\u00e3o em breve as entrevistas. A \u00edntegra do material passa a compor o projeto de resgate hist\u00f3rico da entidade e da radiodifus\u00e3o de Santa Catarina.<\/p>\n<p style=\"font-weight: 400; text-align: justify;\">Confira o v\u00eddeo de makinf of &#8211;<a href=\"https:\/\/www.youtube.com\/watch?v=ShY__WmY-fg&amp;feature=youtu.be&amp;ab_channel=ACAERTSantaCatarina\"><b><strong>AQUI<\/strong><\/b><\/a><\/p>\n<p style=\"font-weight: 400; text-align: justify;\">Reporter: Assessoria de Imprensa ACAERT<\/p>\n<p style=\"text-align: justify;\">\n<p style=\"text-align: justify;\">Fonte: ACAERT<\/p>\n","protected":false},"excerpt":{"rendered":"<p>A ACAERT realizou nesta semana uma s\u00e9rie de entrevistas individuais&hellip;<\/p>\n<p> <a class=\"more-link\" href=\"https:\/\/sertsc.org.br\/site\/acaert-40-anos-acaert-entrevista-presidentes-da-entidade\/\">Leia mais<\/a><\/p>\n","protected":false},"author":1,"featured_media":14091,"comment_status":"open","ping_status":"open","sticky":false,"template":"","format":"standard","meta":{"footnotes":""},"categories":[3],"tags":[],"class_list":{"0":"post-14090","1":"post","2":"type-post","3":"status-publish","4":"format-standard","5":"has-post-thumbnail","7":"category-noticias"},"_links":{"self":[{"href":"https:\/\/sertsc.org.br\/site\/wp-json\/wp\/v2\/posts\/14090","targetHints":{"allow":["GET"]}}],"collection":[{"href":"https:\/\/sertsc.org.br\/site\/wp-json\/wp\/v2\/posts"}],"about":[{"href":"https:\/\/sertsc.org.br\/site\/wp-json\/wp\/v2\/types\/post"}],"author":[{"embeddable":true,"href":"https:\/\/sertsc.org.br\/site\/wp-json\/wp\/v2\/users\/1"}],"replies":[{"embeddable":true,"href":"https:\/\/sertsc.org.br\/site\/wp-json\/wp\/v2\/comments?post=14090"}],"version-history":[{"count":0,"href":"https:\/\/sertsc.org.br\/site\/wp-json\/wp\/v2\/posts\/14090\/revisions"}],"wp:featuredmedia":[{"embeddable":true,"href":"https:\/\/sertsc.org.br\/site\/wp-json\/"}],"wp:attachment":[{"href":"https:\/\/sertsc.org.br\/site\/wp-json\/wp\/v2\/media?parent=14090"}],"wp:term":[{"taxonomy":"category","embeddable":true,"href":"https:\/\/sertsc.org.br\/site\/wp-json\/wp\/v2\/categories?post=14090"},{"taxonomy":"post_tag","embeddable":true,"href":"https:\/\/sertsc.org.br\/site\/wp-json\/wp\/v2\/tags?post=14090"}],"curies":[{"name":"wp","href":"https:\/\/api.w.org\/{rel}","templated":true}]}}