{"id":14079,"date":"2020-11-12T08:44:29","date_gmt":"2020-11-12T11:44:29","guid":{"rendered":"https:\/\/www.sertsc.org.br\/site\/?p=14079"},"modified":"2020-11-12T08:44:29","modified_gmt":"2020-11-12T11:44:29","slug":"migracao-de-canais-de-tv-para-a-banda-ku-so-sera-subsidiada-onde-nao-houver-sinal-digital-terrestre","status":"publish","type":"post","link":"https:\/\/sertsc.org.br\/site\/migracao-de-canais-de-tv-para-a-banda-ku-so-sera-subsidiada-onde-nao-houver-sinal-digital-terrestre\/","title":{"rendered":"Migra\u00e7\u00e3o de canais de TV para a banda Ku s\u00f3 ser\u00e1 subsidiada onde n\u00e3o houver sinal digital terrestre"},"content":{"rendered":"<p style=\"text-align: justify;\">Uma das quest\u00f5es cr\u00edticas que o conselho diretor da Anatel ainda ter\u00e1 que decidir sobre o edital de 5G diz respeito \u00e0 solu\u00e7\u00e3o que ser\u00e1 dada para o problema de interfer\u00eancias das transmiss\u00f5es de 5G na faixa de 3,5 GHz e a recep\u00e7\u00e3o dos sinais de TV aberta via sat\u00e9lite. O texto do edital definitivo, que chegou esta semana ao conselho, deixa os dois caminhos abertos ao conselho: a mitiga\u00e7\u00e3o com o uso de filtros, como pedem as operadoras de telecomunica\u00e7\u00f5es alegando um custo substancialmente menor, e a migra\u00e7\u00e3o dos canais de banda C para a banda Ku, como defendem os radiodifusores.<\/p>\n<p style=\"text-align: justify;\">A proposta da \u00e1rea t\u00e9cnica, referendada pela Procuradoria Federal Especializada da Anatel, indica contudo algumas condi\u00e7\u00f5es para a migra\u00e7\u00e3o para a banda Ku. A primeira \u00e9 que apenas os canais nacionais ser\u00e3o considerados, o que dever\u00e1 ser indicado pelos pr\u00f3prios radiodifusores, caso esta op\u00e7\u00e3o prevale\u00e7a. Tamb\u00e9m s\u00f3 ser\u00e3o considerados os canais que estejam em um \u00fanico sat\u00e9lite (a Anatel n\u00e3o fala, mas obviamente seria o StarOne C2, onde est\u00e3o a maioria dos canais de TV aberta). Tamb\u00e9m caber\u00e1 aos radiodifusores indicarem para qual sat\u00e9lite em banda Ku ser\u00e1 feita a migra\u00e7\u00e3o, podendo ser feita uma migra\u00e7\u00e3o para mais de um sat\u00e9lite se n\u00e3o houver impacto no custo. A Anatel n\u00e3o est\u00e1 prevendo custo de instala\u00e7\u00e3o dos kits de banda Ku, que ser\u00e3o distribu\u00eddos a usu\u00e1rios de baixa renda do Cadastro \u00danico apenas em localidades em que n\u00e3o haja recep\u00e7\u00e3o de TV digital terrestre (exceto \u00e1reas de sombra). Mas ter\u00e3o direito ao kit domic\u00edlios que eventualmente tenha servi\u00e7o de TVRO, desde que sejam de baixa renda e n\u00e3o haja TV digital aberta terrestre dispon\u00edvel.<\/p>\n<p style=\"text-align: justify;\">A ag\u00eancia calcula um per\u00edodo de pelo menos 18 meses at\u00e9 que a migra\u00e7\u00e3o dos canais abertos para a banda Ku esteja conclu\u00eddo, mas isso n\u00e3o quer dizer que a faixa de 3,5 GHz n\u00e3o possa ser ativada antes. Isso poder\u00e1 acontecer em qualquer localidade em que a TV aberta esteja dispon\u00edvel para recep\u00e7\u00e3o, pois a condi\u00e7\u00e3o b\u00e1sica da pol\u00edtica de migra\u00e7\u00e3o \u00e9 assegurar a recep\u00e7\u00e3o dos canais de TV.<\/p>\n<p style=\"text-align: justify;\">Em rela\u00e7\u00e3o ao modelo de mitiga\u00e7\u00e3o por filtro para as parab\u00f3licas de banda C, como querem as teles, a Anatel n\u00e3o prev\u00ea a necessidade de subs\u00eddio para a instala\u00e7\u00e3o do kit, que ficaria por conta do usu\u00e1rio.<\/p>\n<p>&nbsp;<\/p>\n<p>Fonte: Teletime<\/p>\n","protected":false},"excerpt":{"rendered":"<p>Uma das quest\u00f5es cr\u00edticas que o conselho diretor da Anatel&hellip;<\/p>\n<p> <a class=\"more-link\" href=\"https:\/\/sertsc.org.br\/site\/migracao-de-canais-de-tv-para-a-banda-ku-so-sera-subsidiada-onde-nao-houver-sinal-digital-terrestre\/\">Leia mais<\/a><\/p>\n","protected":false},"author":1,"featured_media":14080,"comment_status":"open","ping_status":"open","sticky":false,"template":"","format":"standard","meta":{"footnotes":""},"categories":[3],"tags":[],"class_list":{"0":"post-14079","1":"post","2":"type-post","3":"status-publish","4":"format-standard","5":"has-post-thumbnail","7":"category-noticias"},"_links":{"self":[{"href":"https:\/\/sertsc.org.br\/site\/wp-json\/wp\/v2\/posts\/14079","targetHints":{"allow":["GET"]}}],"collection":[{"href":"https:\/\/sertsc.org.br\/site\/wp-json\/wp\/v2\/posts"}],"about":[{"href":"https:\/\/sertsc.org.br\/site\/wp-json\/wp\/v2\/types\/post"}],"author":[{"embeddable":true,"href":"https:\/\/sertsc.org.br\/site\/wp-json\/wp\/v2\/users\/1"}],"replies":[{"embeddable":true,"href":"https:\/\/sertsc.org.br\/site\/wp-json\/wp\/v2\/comments?post=14079"}],"version-history":[{"count":0,"href":"https:\/\/sertsc.org.br\/site\/wp-json\/wp\/v2\/posts\/14079\/revisions"}],"wp:featuredmedia":[{"embeddable":true,"href":"https:\/\/sertsc.org.br\/site\/wp-json\/"}],"wp:attachment":[{"href":"https:\/\/sertsc.org.br\/site\/wp-json\/wp\/v2\/media?parent=14079"}],"wp:term":[{"taxonomy":"category","embeddable":true,"href":"https:\/\/sertsc.org.br\/site\/wp-json\/wp\/v2\/categories?post=14079"},{"taxonomy":"post_tag","embeddable":true,"href":"https:\/\/sertsc.org.br\/site\/wp-json\/wp\/v2\/tags?post=14079"}],"curies":[{"name":"wp","href":"https:\/\/api.w.org\/{rel}","templated":true}]}}