{"id":14070,"date":"2020-11-11T10:03:29","date_gmt":"2020-11-11T13:03:29","guid":{"rendered":"https:\/\/www.sertsc.org.br\/site\/?p=14070"},"modified":"2020-11-11T10:03:29","modified_gmt":"2020-11-11T13:03:29","slug":"anatel-prorroga-consulta-publica-com-a-canalizacao-do-fm-estendido-para-migracao-am-fm-ate-o-dia-9-de-dezembro","status":"publish","type":"post","link":"https:\/\/sertsc.org.br\/site\/anatel-prorroga-consulta-publica-com-a-canalizacao-do-fm-estendido-para-migracao-am-fm-ate-o-dia-9-de-dezembro\/","title":{"rendered":"Anatel prorroga Consulta P\u00fablica com a canaliza\u00e7\u00e3o do FM estendido para migra\u00e7\u00e3o AM-FM at\u00e9 o dia 9 de dezembro"},"content":{"rendered":"<p style=\"text-align: justify;\">A Ag\u00eancia Nacional de Telecomunica\u00e7\u00f5es (Anatel)\u00a0<strong><a href=\"https:\/\/tudoradio.com\/noticias\/ver\/24343-anatel-publica-consulta-publica-com-a-canalizacao-do-fm-estendido-para-migracao-am-fm-em-todo-o-brasil\">decidiu prorrogar o prazo de vencimento das contribui\u00e7\u00f5es e sugest\u00f5es da Consulta P\u00fablica n\u00ba 70 de 20 de outubro de 2020<\/a><\/strong>\u00a0referentes a centenas de canais que ser\u00e3o utilizados para a migra\u00e7\u00e3o AM-FM. Inicialmente, a consulta tinha previs\u00e3o de ser encerrada nesta segunda-feira (9), a Anatel prorrogou o prazo at\u00e9 9 de dezembro.<\/p>\n<p style=\"text-align: justify;\">A consulta p\u00fablica prev\u00ea centenas de canais destinados \u00e0 canaliza\u00e7\u00e3o do chamado dial FM estendido. O documento sugere diversas cidades, incluindo diversas capitais como S\u00e3o Paulo, Rio de Janeiro, Bras\u00edlia, Belo Horizonte, Curitiba, Fortaleza, Recife, Porto Alegre e suas respectivas regi\u00f5es metropolitanas, al\u00e9m de grandes cidades como Campinas, S\u00e3o Jos\u00e9 dos Campos, Ribeir\u00e3o Preto, Sorocaba, Joinville, Londrina, entre outras.<\/p>\n<p style=\"text-align: justify;\">Outra novidade que essa consulta p\u00fablica pode trazer s\u00e3o as r\u00e1dios que est\u00e3o previstas no dial estendido terem a oportunidade de migrar para o dial convencional (88 FM a 107 FM). De acordo com Eduardo Cappia, diretor t\u00e9cnico da AESP, ser\u00e3o realizadas reuni\u00f5es setoriais por estado, com a presen\u00e7a da ABERT, para levantar a hip\u00f3tese de se ter mais\u00a0emissoras conquistando um canal na frequ\u00eancia convencional.<\/p>\n<p style=\"text-align: justify;\">&#8220;Dever\u00e1 ser feita uma revis\u00e3o no plano, tirar limita\u00e7\u00f5es da faixa estendida, estudar localiza\u00e7\u00e3o de esta\u00e7\u00f5es, ou seja, otimizar, viabilizando as implanta\u00e7\u00f5es na faixa estendida. Al\u00e9m disso, atender aos estados do Sul e Sudeste, onde a situa\u00e7\u00e3o \u00e9 mais cr\u00edtica e tamb\u00e9m analisando os casos nas demais regi\u00f5es do Brasil&#8221;, ressaltou Cappia.<\/p>\n<p style=\"text-align: justify;\">Ao todo, a consulta p\u00fablica aponta 365 canais (na maioria em dial estendido) em 14 estados. Entre as cidades que foram contempladas nesta consulta est\u00e3o S\u00e3o Paulo, Salvador, Fortaleza, Bras\u00edlia, Goi\u00e2nia, Belo Horizonte, Recife, Curitiba, Rio de Janeiro, Porto Alegre, Aracaju, Florian\u00f3polis e as cidades das respectivas regi\u00f5es metropolitanas. Al\u00e9m disso, h\u00e1 cidades no interior do pa\u00eds, como Blumenau, Crici\u00fama, Joinville, Campinas, Sorocaba, Ribeir\u00e3o Preto, S\u00e3o Jos\u00e9 do Rio Preto, Presidente Prudente, Santos, S\u00e3o Jose dos Campos.<\/p>\n<p style=\"text-align: justify;\"><strong>Novo regulamento sobre canaliza\u00e7\u00e3o entre em vigor no dia 3<\/strong><\/p>\n<p style=\"text-align: justify;\" data-fetch=\"true\">O\u00a0<strong><a href=\"https:\/\/tudoradio.com\/noticias\/ver\/24336-regulamento-que-viabiliza-migracao-am-fm-com-disponibilizacao-da-faixa-estendida-passa-a-valer-no-dia-3\">novo Regulamento sobre Canaliza\u00e7\u00e3o e Uso de Radiofrequ\u00eancias, aprovado pela Anatel\u00a0<\/a><\/strong>vai entrar em vigor na pr\u00f3xima ter\u00e7a-feira (3). Esse novo regulamento vai levar diversas mudan\u00e7as na regulamenta\u00e7\u00e3o do setor da radiodifus\u00e3o, como a viabiliza\u00e7\u00e3o da migra\u00e7\u00e3o AM-FM e a disponibiliza\u00e7\u00e3o da faixa estendida, que ser\u00e1 operada de 76.1 FM a 87.5 FM.<\/p>\n<figure id=\"attachment_14071\" aria-describedby=\"caption-attachment-14071\" style=\"width: 400px\" class=\"wp-caption aligncenter\"><img fetchpriority=\"high\" decoding=\"async\" class=\"size-full wp-image-14071\" src=\"https:\/\/www.sertsc.org.br\/site\/wp-content\/uploads\/2020\/11\/5f97040d5b743.jpg\" alt=\"\" width=\"400\" height=\"209\" \/><figcaption id=\"caption-attachment-14071\" class=\"wp-caption-text\">Sintonia de frequ\u00eancia na faixa estendida durante teste de transmiss\u00e3o da Jovem Pan de S\u00e3o Paulo, em 2014 \/ registro: tudoradio.com<\/figcaption><\/figure>\n<p style=\"text-align: justify;\"><strong>Frequ\u00eancias em FMe nas capitais e suas respectivas\u00a0<a href=\"https:\/\/tudoradio.com\/conteudo\/ver\/1-O-Radio-Tecnica\">classes de opera\u00e7\u00e3o<\/a>\u00a0(porte t\u00e9cnico), segundo consulta p\u00fablica:<\/strong><\/p>\n<p style=\"text-align: justify;\"><strong>S\u00e3o Paulo:<\/strong>\u00a076.7 FM (E2), 77.1 FM (E2), 77.5 FM (E2), 77.9 FM (A1), 78.7 FM (A2), 79.5 FM (A4), 83.5 FM (A4), 84.3 FM (A4), 85.1 FM (A4), 85.9 FM (A1) e 86.3 FM (A1)<\/p>\n<p style=\"text-align: justify;\"><strong>Grande S\u00e3o Paulo:<\/strong>\u00a0Cotia (76.1 FM &#8211; A2), Guarulhos (84.7 FM &#8211; A4 \/ 85.5 FM &#8211; A4), Itapevi (86.7 FM &#8211; A4),\u00a0Mau\u00e1 (81.5 FM &#8211; A4), Mogi das Cruzes (78.3 FM &#8211; A3 \/ 83.9 FM &#8211; A4), Osasco (79.1 FM &#8211; A4 \/ 79.9 FM &#8211; A3), Santa Isabel (81.7 FM &#8211; A1 \/ 82.1 FM &#8211; E3), Santo Andr\u00e9 (80.3 FM &#8211; A1 \/ 81.9 FM &#8211; A4), S\u00e3o Bernardo do Campo (81.1 FM &#8211; A4), S\u00e3o Caetano do Sul (80.7 FM &#8211; A3).<\/p>\n<p style=\"text-align: justify;\"><strong>Rio de Janeiro<\/strong>\u00a0&#8211; 77.3 FM (A4), 78.1 FM (A4), 78.9 FM (A4), 80.5 FM (A3), 81.3 FM (A2), 82.1 FM (A2), 82.9 FM (A1), 83.7 FM (A1), 84.5 FM (E3), 84.9 FM (E2), 85.3 FM (E2), 85.7 FM (E2), 86.1 FM (E2), 86.5 FM (E2)<\/p>\n<p style=\"text-align: justify;\"><strong>Grande Rio de Janeiro:<\/strong>\u00a0\u00a0Niter\u00f3i (76.5 FM &#8211; E3 \/ 76.9 FM &#8211; A1), Nova Igua\u00e7u (80.1 FM &#8211; A1), S\u00e3o Gon\u00e7alo (81.7 FM &#8211; A1), S\u00e3o Jo\u00e3o de Meriti (80.9 FM &#8211; A4).<\/p>\n<p style=\"text-align: justify;\"><strong>Bras\u00edlia:<\/strong>\u00a076.1 FM (A1), 76.9 FM (A1), 77.7 FM (A2), 78.5 FM (A3), 79.3 FM (A4), 80.1 FM (A3)<\/p>\n<p style=\"text-align: justify;\" data-fetch=\"true\"><strong>Entorno do DF \/ Bras\u00edlia:<\/strong>\u00a0Santo Ant\u00f4nio do Descoberto (82.1 FM &#8211; A4 \/ 86.1 FM &#8211; A3)<\/p>\n<p style=\"text-align: justify;\"><strong>Belo Horizonte:<\/strong>\u00a078.5 FM (A3), 79.3 FM (A2), 80.1 FM (A1), 80.9 FM (E3), 81.7 FM (E2)<\/p>\n<p style=\"text-align: justify;\"><strong>Grande Belo Horizonte:<\/strong>\u00a0Nova Lima (76.1 FM &#8211; A3 \/ 76.9 FM &#8211; E3), Pedro Leopoldo (78.1 FM &#8211; A3), Sete Lagoas (79.7 FM &#8211; A4 \/ 80.5 FM &#8211; A4), Vespasiano (78.9 FM &#8211; A4)<\/p>\n<p style=\"text-align: justify;\"><strong>Salvador:<\/strong>\u00a076.1 FM (A4), 76.9 FM (A4), 77.7 FM (A3), 78.5 FM (A2), 79.3 FM (A2), 80.1 FM (A1), 80.9 FM (E2), 81.7 FM (E3)<\/p>\n<p style=\"text-align: justify;\"><strong>Curitiba:<\/strong>\u00a080.1 FM (A4), 80.5 FM (A4), 80.9 FM (A4), 81.3 FM (A4), 83.7 FM (A3), 84.1 FM (A3), 84.5 FM (A3), 85.3 FM (A1), 85.7 FM (A1), 86.1 FM (E3), 86.5 FM (E3).<\/p>\n<p style=\"text-align: justify;\"><strong>Grande Curitiba:<\/strong>\u00a0Balsa Nova (79.3 FM &#8211; A4), Campo Largo (82.5 FM &#8211; A1), Colombo (84.9 FM &#8211; A2), S\u00e3o Jos\u00e9 dos Pinhais (82.1 FM &#8211; A3).<\/p>\n<p style=\"text-align: justify;\"><strong>Recife:<\/strong>\u00a076.1 FM (A1), 76.9 FM (A4), 77.7 FM (A2), 78.5 FM (A4), 79.3 FM (E2), 80.1 FM (A1), 80.9 FM (E3)<\/p>\n<p style=\"text-align: justify;\"><strong>Grande Recife:<\/strong>\u00a0Cabo de Santo Agostinho (82.9 FM &#8211; A4), Paulista (86.5 FM &#8211; A3), S\u00e3o Louren\u00e7o da Mata (82.1 FM &#8211; C)<\/p>\n<p style=\"text-align: justify;\"><strong>Porto Alegre:<\/strong>\u00a079.5 FM (A4), 80.3 FM (A3), 81.1 FM (A3), 82.5 FM (A2), 83.3 FM (A1), 84.1 FM (A1), 84.9 FM (A1), 85.7 FM (E2), 86.5 FM (E2)<\/p>\n<p style=\"text-align: justify;\"><strong>Grande Porto Alegre:<\/strong>\u00a0Canoas (77.9 FM &#8211; A2 \/ 78.7 FM- B1 \/ 79.1 FM &#8211; A4), Esteio (76.7 FM &#8211; A4 \/ 81.5 FM &#8211; A4), Gravata\u00ed (77.1 FM &#8211; A1 \/ 80.7 FM &#8211; A4), Gua\u00edba (76.3 FM &#8211; A2), S\u00e3o Leopoldo (81.9 FM &#8211; A4)<\/p>\n<p style=\"text-align: justify;\"><strong>Fortaleza:<\/strong>\u00a076.9 FM (A4), 77.7 FM (C), 78.5 FM (A2), 79.3 FM (A1), 80.1 FM (A1), 80.9 FM (A1), 81.7 FM (E3)<\/p>\n<p style=\"text-align: justify;\"><strong>Grande Fortaleza:<\/strong>\u00a0Caucaia (79.7 FM &#8211; A2), Maracana\u00fa (76.1 FM &#8211; A1 \/ 80.5 FM &#8211; A4), Pacatuba (78.9 FM &#8211; C)<\/p>\n<p style=\"text-align: justify;\"><strong>Goi\u00e2nia:<\/strong>\u00a082.5 FM (A3), 83.3 FM (A4), 84.1 FM (E3), 84.9 FM (A1), 85.3 FM (A1), 85.7 FM (A1), 86.5 FM (A2)<\/p>\n<p style=\"text-align: justify;\" data-fetch=\"true\"><strong>Grande Goi\u00e2nia:<\/strong>\u00a0Aparecida de Goi\u00e2nia (82.9 FM &#8211; A2)<\/p>\n<p style=\"text-align: justify;\"><strong>Florian\u00f3polis:<\/strong>\u00a080.5 FM (C), 81.3 FM (B2), 84.7 FM (A4), 85.5 FM (A3), 86.3 FM (A1)<\/p>\n<p style=\"text-align: justify;\"><strong>Grande Vit\u00f3ria:<\/strong>\u00a0Cariacica (86.1 FM &#8211; A1 \/ 86.5 FM &#8211; A1)<\/p>\n<p>&nbsp;<\/p>\n<p style=\"text-align: justify;\"><strong>Mais cidades:<\/strong><\/p>\n<p style=\"text-align: justify;\"><strong>Campinas (SP)<\/strong>:\u00a084.5 FM (A2), 84.9 FM (A4), 85.3 FM (A4), 85.7 FM (A3), 76.3 FM (B1 &#8211; Americana), 82.5 FM (C &#8211; Americana), 78.5 FM (A4 &#8211; Itatiba), 78.1 FM (A1 &#8211; Nova Odessa), 78.9 FM (B1 &#8211; Sumar\u00e9), 79.3 FM (A4 &#8211; Valinhos)<\/p>\n<p style=\"text-align: justify;\"><strong>S\u00e3o Jos\u00e9 dos Campos (SP):<\/strong>\u00a076.5 FM (C), 78.9 FM (A1), 80.5 FM (A3), 84.9 FM (A4 &#8211; Jacare\u00ed)<\/p>\n<p style=\"text-align: justify;\"><strong>Ribeir\u00e3o Preto (SP):<\/strong>\u00a080.1 FM (E3), 82.7 FM (A1), 83.1 FM (A1), 84.9 FM (A4), 85.3 FM (A4),\u00a085.9 FM (E3 &#8211; Sert\u00e3ozinho), 86.5 FM (C &#8211; Sert\u00e3ozinho)<\/p>\n<p style=\"text-align: justify;\"><strong>Sorocaba (SP):<\/strong>\u00a080.1 FM (A4), 82.7 FM (A3), 76.5 FM (A3 &#8211; Votorantim), 78.3 FM (C &#8211; Votorantim)<\/p>\n<p style=\"text-align: justify;\"><strong>Santos (SP):<\/strong>\u00a076.1 FM (E3), 76.9 FM (A1), 77.7 FM (A1), 78.5 FM (A4), 79.3 FM (A4), 77.3 FM (A4 &#8211; Guaruj\u00e1)<\/p>\n<p style=\"text-align: justify;\"><strong>Jundia\u00ed (SP):<\/strong>\u00a082.3 FM (A1), 83.1 FM (A1)<\/p>\n<p style=\"text-align: justify;\"><strong>S\u00e3o Jos\u00e9 do Rio Preto (SP):<\/strong>\u00a082.1 FM (A1), 82.5 FM (A2), 83.3 FM (A4), 83.9 FM (A4)<\/p>\n<p style=\"text-align: justify;\"><strong>Piracicaba (SP):<\/strong>\u00a080.3 FM (A1), 80.9 FM (A2)<\/p>\n<p style=\"text-align: justify;\"><strong>Taubat\u00e9 (SP):<\/strong>\u00a079.3 FM (A1), 80.1 FM (E3), 80.9 FM (A3)<\/p>\n<p style=\"text-align: justify;\"><strong>Franca (SP):<\/strong>\u00a083.9 FM (A2), 84.7 FM (A2), 85.5 FM (A2)<\/p>\n<p style=\"text-align: justify;\"><strong>Limeira (SP):<\/strong>\u00a082.9 FM (A1), 83.3 FM (A2)<\/p>\n<p style=\"text-align: justify;\" data-fetch=\"true\"><strong>Mar\u00edlia (SP):<\/strong>\u00a076.7 FM (A1), 77.1 FM (A3)<\/p>\n<p style=\"text-align: justify;\"><strong>Presidente Prudente (SP):<\/strong>\u00a076.5 FM (A3), 76.9 FM (A2), 77.7 FM (A4), 78.1 FM (A4)<\/p>\n<p style=\"text-align: justify;\"><strong>Rio Claro (SP):<\/strong>\u00a083.9 FM (A1), 85.5 FM (C), 86.1 FM (C)<\/p>\n<p style=\"text-align: justify;\"><strong>Petr\u00f3polis (RJ)<\/strong>: 78.5 FM (C), 79.3 FM (A4)<\/p>\n<p style=\"text-align: justify;\"><strong>Londrina (PR)<\/strong>\u00a0&#8211; 77.7 FM (B1)<\/p>\n<p style=\"text-align: justify;\"><strong>Foz do Igua\u00e7u (PR):<\/strong>\u00a080.5 FM (A4), 80.9 FM (A4)<\/p>\n<p style=\"text-align: justify;\"><strong>Caxias do Sul (RS):\u00a0<\/strong>77.5 FM (A4) 82.9 FM (A2), 83.7 FM (A2), 86.1 FM (E3), 79.9 FM (A3 &#8211; Farroupilha)<\/p>\n<p style=\"text-align: justify;\"><strong>Joinville (SC):<\/strong>\u00a077.3 FM (C), 78.1 FM (B2), 78.9 FM (A4), 79.7 FM (A4)<\/p>\n<p style=\"text-align: justify;\"><strong>Blumenau (SC):<\/strong>\u00a082.1 FM (A4), 82.7 FM (A4), 83.1 FM (A3), 83.9 FM (A1)<\/p>\n<p style=\"text-align: justify;\"><strong>Itaja\u00ed (SC):<\/strong>\u00a082.5 FM (C), 83.5 FM (C)<\/p>\n<p>&nbsp;<\/p>\n<p style=\"text-align: justify;\"><em>Colabora\u00e7\u00f5es de Daniel Starck e Luiz Fernando<\/em><\/p>\n<p style=\"text-align: justify;\">Fonte: Tudor\u00e1dio<\/p>\n<p data-fetch=\"true\">\n","protected":false},"excerpt":{"rendered":"<p>A Ag\u00eancia Nacional de Telecomunica\u00e7\u00f5es (Anatel)\u00a0decidiu prorrogar o prazo de&hellip;<\/p>\n<p> <a class=\"more-link\" href=\"https:\/\/sertsc.org.br\/site\/anatel-prorroga-consulta-publica-com-a-canalizacao-do-fm-estendido-para-migracao-am-fm-ate-o-dia-9-de-dezembro\/\">Leia mais<\/a><\/p>\n","protected":false},"author":1,"featured_media":14072,"comment_status":"open","ping_status":"open","sticky":false,"template":"","format":"standard","meta":{"footnotes":""},"categories":[3],"tags":[],"class_list":{"0":"post-14070","1":"post","2":"type-post","3":"status-publish","4":"format-standard","5":"has-post-thumbnail","7":"category-noticias"},"_links":{"self":[{"href":"https:\/\/sertsc.org.br\/site\/wp-json\/wp\/v2\/posts\/14070","targetHints":{"allow":["GET"]}}],"collection":[{"href":"https:\/\/sertsc.org.br\/site\/wp-json\/wp\/v2\/posts"}],"about":[{"href":"https:\/\/sertsc.org.br\/site\/wp-json\/wp\/v2\/types\/post"}],"author":[{"embeddable":true,"href":"https:\/\/sertsc.org.br\/site\/wp-json\/wp\/v2\/users\/1"}],"replies":[{"embeddable":true,"href":"https:\/\/sertsc.org.br\/site\/wp-json\/wp\/v2\/comments?post=14070"}],"version-history":[{"count":0,"href":"https:\/\/sertsc.org.br\/site\/wp-json\/wp\/v2\/posts\/14070\/revisions"}],"wp:featuredmedia":[{"embeddable":true,"href":"https:\/\/sertsc.org.br\/site\/wp-json\/"}],"wp:attachment":[{"href":"https:\/\/sertsc.org.br\/site\/wp-json\/wp\/v2\/media?parent=14070"}],"wp:term":[{"taxonomy":"category","embeddable":true,"href":"https:\/\/sertsc.org.br\/site\/wp-json\/wp\/v2\/categories?post=14070"},{"taxonomy":"post_tag","embeddable":true,"href":"https:\/\/sertsc.org.br\/site\/wp-json\/wp\/v2\/tags?post=14070"}],"curies":[{"name":"wp","href":"https:\/\/api.w.org\/{rel}","templated":true}]}}