{"id":14067,"date":"2020-11-11T09:40:09","date_gmt":"2020-11-11T12:40:09","guid":{"rendered":"https:\/\/www.sertsc.org.br\/site\/?p=14067"},"modified":"2020-11-11T09:40:09","modified_gmt":"2020-11-11T12:40:09","slug":"abratel-promove-encontro-com-minicom-e-representantes-da-radiodifusao-em-brasilia","status":"publish","type":"post","link":"https:\/\/sertsc.org.br\/site\/abratel-promove-encontro-com-minicom-e-representantes-da-radiodifusao-em-brasilia\/","title":{"rendered":"Abratel promove encontro com Minicom e representantes da radiodifus\u00e3o em Bras\u00edlia"},"content":{"rendered":"<p style=\"text-align: justify;\" data-fetch=\"true\">A Associa\u00e7\u00e3o Brasileira de R\u00e1dio e Televis\u00e3o (Abratel) realizou na semana passada o Encontro Abratel &amp;SERAD 2020. O evento teve parceria com a Secretaria de Radiodifus\u00e3o (SERAD) do Minist\u00e9rio das Comunica\u00e7\u00f5es (Minicom) e ocorreu na sede da associa\u00e7\u00e3o, em Bras\u00edlia, e contou com a participa\u00e7\u00e3o de associadas da Abratel das cinco regi\u00f5es brasileiras.<\/p>\n<div class=\"pp-box-adunit pp-ad-loading pp-type-intext\">\n<div class=\"pp-adunit\">\n<div class=\"pp-ad\">\n<div id=\"P_TUDO_RADIO_INTEXT_01_0\" data-premium=\"\" data-adunit=\"TUDO_RADIO_INTEXT_01\" data-sizes-mobile=\"[[336,280],[300,250]]\" data-sizes-desktop=\"[[336,280],[300,250]]\" data-type=\"intext\" data-premium-load=\"\" data-fetch=\"true\" data-google-query-id=\"CMa7_rC--uwCFdEwuQYdufkOog\">\n<p style=\"text-align: justify;\">O encontro teve a participa\u00e7\u00e3o do Secret\u00e1rio de Radiodifus\u00e3o, Maximiliano Martinh\u00e3o, e dos diretores Rodrigo Gebrim, respons\u00e1vel pelo Departamento de Radiodifus\u00e3o Comunit\u00e1ria e de Fiscaliza\u00e7\u00e3o, e William Zambelli, que responde pelo Departamento de Radiodifus\u00e3o Comercial. O objetivo foi ouvir as emissoras sobre o atual panorama da radiodifus\u00e3o no Brasil e tra\u00e7ar estrat\u00e9gias para atender melhor o setor, um dos objetivos da atual gest\u00e3o da SERAD.<\/p>\n<p style=\"text-align: justify;\">Max Martinh\u00e3o fez um balan\u00e7o das a\u00e7\u00f5es desenvolvidas at\u00e9 o momento, como a recria\u00e7\u00e3o do Minist\u00e9rio das Comunica\u00e7\u00f5es. &#8220;A recria\u00e7\u00e3o do Mcom traz a oportunidade de dar foco \u00e0s necessidades do setor de comunica\u00e7\u00f5es, em particular da radiodifus\u00e3o&#8221;, afirmou.<\/p>\n<p><iframe title=\"Max Martinh\u00e3o | Encontro Abratel &amp; SERAD 2020\" width=\"800\" height=\"450\" src=\"https:\/\/www.youtube.com\/embed\/vDvyerndRKw?feature=oembed\" frameborder=\"0\" allow=\"accelerometer; autoplay; clipboard-write; encrypted-media; gyroscope; picture-in-picture; web-share\" referrerpolicy=\"strict-origin-when-cross-origin\" allowfullscreen><\/iframe><\/p>\n<p style=\"text-align: center;\">Encontro Abratel &amp; SERAD 2020<\/p>\n<\/div>\n<\/div>\n<\/div>\n<\/div>\n<p>&nbsp;<\/p>\n<p style=\"text-align: justify;\">Outro destaque no encontro foi a recente decis\u00e3o do Minist\u00e9rio referente \u00e0 flexibiliza\u00e7\u00e3o da A Voz do Brasil para a transmiss\u00e3o de jogos de futebol. Segundo Max, a medida ir\u00e1 ajudar as r\u00e1dios de todo pa\u00eds a ampliar sua cobertura e audi\u00eancia neste momento de pandemia que o pa\u00eds atravessa.<\/p>\n<p style=\"text-align: justify;\">Martinh\u00e3o fez um balan\u00e7o positivo do Encontro. &#8220;Tivemos a oportunidade de aprender sobre as necessidades do setor e aquilo que n\u00f3s, como Governo Federal, devemos fazer para o apoiar o r\u00e1dio e a televis\u00e3o. A radiodifus\u00e3o \u00e9 um servi\u00e7o prestado por brasileiros, produz conte\u00fado nacional, defende a nossa cultura e chega \u00e0 casa do cidad\u00e3o brasileiro gratuitamente. Ent\u00e3o, n\u00f3s precisamos, enquanto Governo Federal, entender as demandas das emissoras para continuar apoiando esse servi\u00e7o que \u00e9 essencial para o pa\u00eds&#8221;, afirmou.<\/p>\n<p style=\"text-align: justify;\">M\u00e1rcio Novaes, presidente da Abratel, ressaltou que realizar\u00e1 o encontro periodicamente. &#8220;\u00c9 sempre de grande valia colocar em pauta e dialogar sobre as necessidades e os avan\u00e7os da radiodifus\u00e3o. \u00c9 uma oportunidade \u00edmpar para as nossas associadas estarem mais perto do Minist\u00e9rio das Comunica\u00e7\u00f5es e contribu\u00edrem para a moderniza\u00e7\u00e3o do r\u00e1dio e da televis\u00e3o no pa\u00eds&#8221;, afirmou Novaes.<\/p>\n<p>Fonte: Tudor\u00e1dio<\/p>\n","protected":false},"excerpt":{"rendered":"<p>A Associa\u00e7\u00e3o Brasileira de R\u00e1dio e Televis\u00e3o (Abratel) realizou na&hellip;<\/p>\n<p> <a class=\"more-link\" href=\"https:\/\/sertsc.org.br\/site\/abratel-promove-encontro-com-minicom-e-representantes-da-radiodifusao-em-brasilia\/\">Leia mais<\/a><\/p>\n","protected":false},"author":1,"featured_media":0,"comment_status":"open","ping_status":"open","sticky":false,"template":"","format":"standard","meta":{"footnotes":""},"categories":[1],"tags":[],"class_list":{"0":"post-14067","1":"post","2":"type-post","3":"status-publish","4":"format-standard","6":"category-geral"},"_links":{"self":[{"href":"https:\/\/sertsc.org.br\/site\/wp-json\/wp\/v2\/posts\/14067","targetHints":{"allow":["GET"]}}],"collection":[{"href":"https:\/\/sertsc.org.br\/site\/wp-json\/wp\/v2\/posts"}],"about":[{"href":"https:\/\/sertsc.org.br\/site\/wp-json\/wp\/v2\/types\/post"}],"author":[{"embeddable":true,"href":"https:\/\/sertsc.org.br\/site\/wp-json\/wp\/v2\/users\/1"}],"replies":[{"embeddable":true,"href":"https:\/\/sertsc.org.br\/site\/wp-json\/wp\/v2\/comments?post=14067"}],"version-history":[{"count":0,"href":"https:\/\/sertsc.org.br\/site\/wp-json\/wp\/v2\/posts\/14067\/revisions"}],"wp:attachment":[{"href":"https:\/\/sertsc.org.br\/site\/wp-json\/wp\/v2\/media?parent=14067"}],"wp:term":[{"taxonomy":"category","embeddable":true,"href":"https:\/\/sertsc.org.br\/site\/wp-json\/wp\/v2\/categories?post=14067"},{"taxonomy":"post_tag","embeddable":true,"href":"https:\/\/sertsc.org.br\/site\/wp-json\/wp\/v2\/tags?post=14067"}],"curies":[{"name":"wp","href":"https:\/\/api.w.org\/{rel}","templated":true}]}}