{"id":14059,"date":"2020-11-09T09:04:05","date_gmt":"2020-11-09T12:04:05","guid":{"rendered":"https:\/\/www.sertsc.org.br\/site\/?p=14059"},"modified":"2020-11-09T09:04:05","modified_gmt":"2020-11-09T12:04:05","slug":"voz-do-brasil-autorizada-flexibilizacao-ou-dispensa-para-veiculacao-de-campeonatos-de-futebol","status":"publish","type":"post","link":"https:\/\/sertsc.org.br\/site\/voz-do-brasil-autorizada-flexibilizacao-ou-dispensa-para-veiculacao-de-campeonatos-de-futebol\/","title":{"rendered":"Emissora que transmitir jogos de futebol ter\u00e1 flexibilidade para veicular a Voz do Brasil"},"content":{"rendered":"<p style=\"text-align: justify;\">Atendendo pedidos da Associa\u00e7\u00e3o Brasileira de Emissoras de R\u00e1dio e Televis\u00e3o (Abert), entidade representativa do setor de radiodifus\u00e3o, o Minist\u00e9rio das Comunica\u00e7\u00f5es publicou nesta sexta-feira, 6,\u00a0<a href=\"https:\/\/www.in.gov.br\/web\/dou\/-\/portaria-n-1.250\/sei-mcom-de-5-de-novembro-de-2020-286682570\">regras de flexibiliza\u00e7\u00e3o e dispensa da veicula\u00e7\u00e3o do programa A Voz do Brasil durante os dias de exibi\u00e7\u00e3o de jogos de futebol<\/a>.<\/p>\n<p style=\"text-align: justify;\">Pelas nova regras, excepcionalmente enquanto perdurar o estado de calamidade p\u00fablica ocasionado pela pandemia do Coronav\u00edrus, as emissoras de radiodifus\u00e3o sonora que desejarem transmitir jogos de futebol do Campeonato Brasileiro, da Copa do Brasil ou da Conmebol Libertadores, ficam autorizadas a ter o hor\u00e1rio de retransmiss\u00e3o do programa A Voz do Brasil flexibilizado para al\u00e9m dos hor\u00e1rios originalmente previstos.<\/p>\n<p style=\"text-align: justify;\">Para transmiss\u00e3o de jogos com in\u00edcio marcado entre as 19h e 20h30, o programa poder\u00e1 ser retransmitido, sem cortes, at\u00e9 as 23h do mesmo dia. No caso de transmiss\u00e3o de jogos com in\u00edcio marcado para depois das 20h30, a Voz do Brasil poder\u00e1 ser retransmitida na \u00edntegra antes do jogo nos hor\u00e1rios originalmente previstos, ou seja, \u00e0s 19h, ou ap\u00f3s o jogo, com seu in\u00edcio previsto at\u00e9 as 23h30 do mesmo dia.<\/p>\n<p style=\"text-align: justify;\">J\u00e1 para transmiss\u00e3o de jogos sequenciais, em que o primeiro jogo se enquadre entre as 19h e 20h30 e o segundo depois das 20h30, o programa A Voz do Brasil poder\u00e1 ser retransmitido integralmente com in\u00edcio at\u00e9 as 23h30 do mesmo dia.<\/p>\n<p style=\"text-align: justify;\">Para usufruir da possibilidade de flexibiliza\u00e7\u00e3o da transmiss\u00e3o da Voz do Brasil, as emissoras dever\u00e3o realizar a transmiss\u00e3o integral das partidas, al\u00e9m de transmitir jogos que contem com, pelo menos, uma equipe brasileira.<\/p>\n<p style=\"text-align: justify;\"><strong>Dispensa<\/strong><\/p>\n<p style=\"text-align: justify;\">A Portaria publicada pelo Minist\u00e9rio das Comunica\u00e7\u00f5es prev\u00ea casos em que a retransmiss\u00e3o do programa A Voz do Brasil \u00e9 dispensada. As hip\u00f3teses s\u00e3o:<br \/>\nI \u2013 o jogo que a emissora estiver transmitindo v\u00e1 para a prorroga\u00e7\u00e3o ou resulte em decis\u00e3o por cobran\u00e7a de p\u00eanaltis, impedindo seu t\u00e9rmino at\u00e9 os hor\u00e1rios limites fixados para in\u00edcio da retransmiss\u00e3o, no caso, \u00e0s 23h30;<br \/>\nII \u2013 ocorra alguma situa\u00e7\u00e3o de for\u00e7a maior durante o jogo que impe\u00e7a seu t\u00e9rmino at\u00e9 os hor\u00e1rios limites fixados para in\u00edcio \u00e0s 23h30.<\/p>\n<p style=\"text-align: justify;\">\n<p style=\"text-align: justify;\">Fonte: Tela Viva<\/p>\n","protected":false},"excerpt":{"rendered":"<p>Atendendo pedidos da Associa\u00e7\u00e3o Brasileira de Emissoras de R\u00e1dio e&hellip;<\/p>\n<p> <a class=\"more-link\" href=\"https:\/\/sertsc.org.br\/site\/voz-do-brasil-autorizada-flexibilizacao-ou-dispensa-para-veiculacao-de-campeonatos-de-futebol\/\">Leia mais<\/a><\/p>\n","protected":false},"author":1,"featured_media":14060,"comment_status":"open","ping_status":"open","sticky":false,"template":"","format":"standard","meta":{"footnotes":""},"categories":[33],"tags":[],"class_list":{"0":"post-14059","1":"post","2":"type-post","3":"status-publish","4":"format-standard","5":"has-post-thumbnail","7":"category-destaques"},"_links":{"self":[{"href":"https:\/\/sertsc.org.br\/site\/wp-json\/wp\/v2\/posts\/14059","targetHints":{"allow":["GET"]}}],"collection":[{"href":"https:\/\/sertsc.org.br\/site\/wp-json\/wp\/v2\/posts"}],"about":[{"href":"https:\/\/sertsc.org.br\/site\/wp-json\/wp\/v2\/types\/post"}],"author":[{"embeddable":true,"href":"https:\/\/sertsc.org.br\/site\/wp-json\/wp\/v2\/users\/1"}],"replies":[{"embeddable":true,"href":"https:\/\/sertsc.org.br\/site\/wp-json\/wp\/v2\/comments?post=14059"}],"version-history":[{"count":0,"href":"https:\/\/sertsc.org.br\/site\/wp-json\/wp\/v2\/posts\/14059\/revisions"}],"wp:featuredmedia":[{"embeddable":true,"href":"https:\/\/sertsc.org.br\/site\/wp-json\/"}],"wp:attachment":[{"href":"https:\/\/sertsc.org.br\/site\/wp-json\/wp\/v2\/media?parent=14059"}],"wp:term":[{"taxonomy":"category","embeddable":true,"href":"https:\/\/sertsc.org.br\/site\/wp-json\/wp\/v2\/categories?post=14059"},{"taxonomy":"post_tag","embeddable":true,"href":"https:\/\/sertsc.org.br\/site\/wp-json\/wp\/v2\/tags?post=14059"}],"curies":[{"name":"wp","href":"https:\/\/api.w.org\/{rel}","templated":true}]}}