{"id":14039,"date":"2020-11-05T16:04:26","date_gmt":"2020-11-05T19:04:26","guid":{"rendered":"https:\/\/www.sertsc.org.br\/site\/?p=14039"},"modified":"2020-11-05T16:04:26","modified_gmt":"2020-11-05T19:04:26","slug":"ministerio-das-comunicacoes-tem-novo-secretario-executivo","status":"publish","type":"post","link":"https:\/\/sertsc.org.br\/site\/ministerio-das-comunicacoes-tem-novo-secretario-executivo\/","title":{"rendered":"Minist\u00e9rio das Comunica\u00e7\u00f5es tem novo Secret\u00e1rio-Executivo"},"content":{"rendered":"<p style=\"font-weight: 400; text-align: justify;\">O Di\u00e1rio Oficial da Uni\u00e3o divulgou nesta quinta-feira (5) a nomea\u00e7\u00e3o de Vitor Elisio G\u00f3es de Oliveira Menezes para a Secretaria-Executiva do Minist\u00e9rio das Comunica\u00e7\u00f5es. Desde que o Minicom foi recriado, em junho, o cargo era exercido por F\u00e1bio Wajngarten, que acumulava tamb\u00e9m a chefia da Secretaria de Comunica\u00e7\u00e3o (Secom) e agora fica apenas no cargo de Secret\u00e1rio Especial de Comunica\u00e7\u00e3o Social do Minist\u00e9rio das Comunica\u00e7\u00f5es.<\/p>\n<p style=\"font-weight: 400; text-align: justify;\"><b><strong>SOBRE VITOR MENEZES<\/strong><\/b><\/p>\n<p style=\"font-weight: 400; text-align: justify;\">Vitor Menezes ocupava a Secretaria de Telecomunica\u00e7\u00f5es do Minist\u00e9rio da Ci\u00eancia, Tecnologia, Inova\u00e7\u00f5es e Comunica\u00e7\u00f5es. Especialista em Regula\u00e7\u00e3o da Ag\u00eancia Nacional de Telecomunica\u00e7\u00f5es \u2013 Anatel (aprovado em concurso p\u00fablico de provas e t\u00edtulos em 2007), na qual ocupou os cargos de Assessor da Presid\u00eancia e Superintendente de Outorga e<\/p>\n<p style=\"text-align: justify;\">\n<p style=\"font-weight: 400; text-align: justify;\">Fonte: ACAERT<\/p>\n","protected":false},"excerpt":{"rendered":"<p>O Di\u00e1rio Oficial da Uni\u00e3o divulgou nesta quinta-feira (5) a&hellip;<\/p>\n<p> <a class=\"more-link\" href=\"https:\/\/sertsc.org.br\/site\/ministerio-das-comunicacoes-tem-novo-secretario-executivo\/\">Leia mais<\/a><\/p>\n","protected":false},"author":1,"featured_media":14040,"comment_status":"open","ping_status":"open","sticky":false,"template":"","format":"standard","meta":{"footnotes":""},"categories":[3],"tags":[],"class_list":{"0":"post-14039","1":"post","2":"type-post","3":"status-publish","4":"format-standard","5":"has-post-thumbnail","7":"category-noticias"},"_links":{"self":[{"href":"https:\/\/sertsc.org.br\/site\/wp-json\/wp\/v2\/posts\/14039","targetHints":{"allow":["GET"]}}],"collection":[{"href":"https:\/\/sertsc.org.br\/site\/wp-json\/wp\/v2\/posts"}],"about":[{"href":"https:\/\/sertsc.org.br\/site\/wp-json\/wp\/v2\/types\/post"}],"author":[{"embeddable":true,"href":"https:\/\/sertsc.org.br\/site\/wp-json\/wp\/v2\/users\/1"}],"replies":[{"embeddable":true,"href":"https:\/\/sertsc.org.br\/site\/wp-json\/wp\/v2\/comments?post=14039"}],"version-history":[{"count":0,"href":"https:\/\/sertsc.org.br\/site\/wp-json\/wp\/v2\/posts\/14039\/revisions"}],"wp:featuredmedia":[{"embeddable":true,"href":"https:\/\/sertsc.org.br\/site\/wp-json\/"}],"wp:attachment":[{"href":"https:\/\/sertsc.org.br\/site\/wp-json\/wp\/v2\/media?parent=14039"}],"wp:term":[{"taxonomy":"category","embeddable":true,"href":"https:\/\/sertsc.org.br\/site\/wp-json\/wp\/v2\/categories?post=14039"},{"taxonomy":"post_tag","embeddable":true,"href":"https:\/\/sertsc.org.br\/site\/wp-json\/wp\/v2\/tags?post=14039"}],"curies":[{"name":"wp","href":"https:\/\/api.w.org\/{rel}","templated":true}]}}