{"id":14000,"date":"2020-10-30T16:43:33","date_gmt":"2020-10-30T19:43:33","guid":{"rendered":"https:\/\/www.sertsc.org.br\/site\/?p=14000"},"modified":"2020-10-30T16:43:33","modified_gmt":"2020-10-30T19:43:33","slug":"sert-sc-jovem-elege-nova-diretoria-para-2021","status":"publish","type":"post","link":"https:\/\/sertsc.org.br\/site\/sert-sc-jovem-elege-nova-diretoria-para-2021\/","title":{"rendered":"SERT\/SC Jovem elege nova diretoria para 2021"},"content":{"rendered":"<p style=\"text-align: justify;\">Na tarde desta sexta-feira (30\/10), foi escolhida a diretoria que comandar\u00e1 o SERT\/SC Jovem durante o pr\u00f3ximo ano. Thiago Librelato, da R\u00e1dio Cruz de Malta de Lauro M\u00fcller, ser\u00e1 presidente, Flavia Brandalise Kucinski, da RBV R\u00e1dios, ser\u00e1 vice-presidente e Alexandre Melo, da Jovem Pan Joinville, ser\u00e1 secret\u00e1rio. A chapa, que foi eleita por aclama\u00e7\u00e3o, tomar\u00e1 posse no dia 1 de janeiro de 2021 e seu mandato se estender\u00e1 at\u00e9 31 de dezembro de 2021.<\/p>\n<p style=\"text-align: justify;\">A reuni\u00e3o contou com a participa\u00e7\u00e3o de praticamente todos os integrantes do SERT\/SC Jovem. Tamb\u00e9m estiveram presentes a presidente do sindicato, Ana Paula Melo, a gerente G\u00e9deas Silva, o consultor jur\u00eddico Marcos Ant\u00f4nio Silveira, o assessor Fernando Morgado e a assessora Alini Santos. Al\u00e9m da vota\u00e7\u00e3o, tamb\u00e9m foi realizada um breve reflex\u00e3o a respeito das novas atividades e reuni\u00f5es do n\u00facleo, que \u00e9 respons\u00e1vel por formar e unir as futuras lideran\u00e7as da radiodifus\u00e3o catarinense.<\/p>\n<p style=\"text-align: justify;\">&#8220;Estamos muito contentes com o desempenho do SERT\/SC Jovem em 2020. As atividades continuaram mesmo durante a pandemia, sempre com bons resultados e grande repercuss\u00e3o. O n\u00facleo \u00e9 uma das frentes mais importantes de atua\u00e7\u00e3o do SERT\/SC, pois garante a perenidade do nosso setor&#8221;, disse Ana Paula Melo. A \u00faltima reuni\u00e3o do SERT\/SC Jovem est\u00e1 programada para o dia 10 de dezembro, em formato a ser definido.<\/p>\n<p>&nbsp;<\/p>\n<p><img fetchpriority=\"high\" decoding=\"async\" class=\"aligncenter size-full wp-image-14002\" src=\"https:\/\/www.sertsc.org.br\/site\/wp-content\/uploads\/2020\/10\/imagem-14-1.png\" alt=\"\" width=\"1342\" height=\"466\" \/><\/p>\n","protected":false},"excerpt":{"rendered":"<p>Na tarde desta sexta-feira (30\/10), foi escolhida a diretoria que&hellip;<\/p>\n<p> <a class=\"more-link\" href=\"https:\/\/sertsc.org.br\/site\/sert-sc-jovem-elege-nova-diretoria-para-2021\/\">Leia mais<\/a><\/p>\n","protected":false},"author":1,"featured_media":14005,"comment_status":"open","ping_status":"open","sticky":false,"template":"","format":"standard","meta":{"footnotes":""},"categories":[33],"tags":[],"class_list":{"0":"post-14000","1":"post","2":"type-post","3":"status-publish","4":"format-standard","5":"has-post-thumbnail","7":"category-destaques"},"_links":{"self":[{"href":"https:\/\/sertsc.org.br\/site\/wp-json\/wp\/v2\/posts\/14000","targetHints":{"allow":["GET"]}}],"collection":[{"href":"https:\/\/sertsc.org.br\/site\/wp-json\/wp\/v2\/posts"}],"about":[{"href":"https:\/\/sertsc.org.br\/site\/wp-json\/wp\/v2\/types\/post"}],"author":[{"embeddable":true,"href":"https:\/\/sertsc.org.br\/site\/wp-json\/wp\/v2\/users\/1"}],"replies":[{"embeddable":true,"href":"https:\/\/sertsc.org.br\/site\/wp-json\/wp\/v2\/comments?post=14000"}],"version-history":[{"count":0,"href":"https:\/\/sertsc.org.br\/site\/wp-json\/wp\/v2\/posts\/14000\/revisions"}],"wp:featuredmedia":[{"embeddable":true,"href":"https:\/\/sertsc.org.br\/site\/wp-json\/"}],"wp:attachment":[{"href":"https:\/\/sertsc.org.br\/site\/wp-json\/wp\/v2\/media?parent=14000"}],"wp:term":[{"taxonomy":"category","embeddable":true,"href":"https:\/\/sertsc.org.br\/site\/wp-json\/wp\/v2\/categories?post=14000"},{"taxonomy":"post_tag","embeddable":true,"href":"https:\/\/sertsc.org.br\/site\/wp-json\/wp\/v2\/tags?post=14000"}],"curies":[{"name":"wp","href":"https:\/\/api.w.org\/{rel}","templated":true}]}}