{"id":13992,"date":"2020-10-29T15:07:45","date_gmt":"2020-10-29T18:07:45","guid":{"rendered":"https:\/\/www.sertsc.org.br\/site\/?p=13992"},"modified":"2020-10-29T15:07:45","modified_gmt":"2020-10-29T18:07:45","slug":"chip-fm-no-celular-ministro-promete-dar-presente-para-as-radios","status":"publish","type":"post","link":"https:\/\/sertsc.org.br\/site\/chip-fm-no-celular-ministro-promete-dar-presente-para-as-radios\/","title":{"rendered":"Chip FM no celular: ministro promete dar \u201cpresente para as r\u00e1dios\u201d"},"content":{"rendered":"<div class=\"uk-margin-remove-vertical\">\n<p style=\"text-align: justify;\">Em entrevista \u00e0 R\u00e1dio 98 FM de Natal (RN), na quarta-feira (21), o ministro das Comunica\u00e7\u00f5es F\u00e1bio Faria voltou a afirmar que quer dar \u201cum presente para as r\u00e1dios que fazem um importante papel no Brasil\u201d e que vai \u201cfazer r\u00e1dio no celular\u201d.<\/p>\n<p style=\"text-align: justify;\">Durante reuni\u00e3o promovida pela ABERT com os presidentes de associa\u00e7\u00f5es estaduais de radiodifus\u00e3o, em setembro, Faria garantiu o apoio do Minicom \u00e0 inclus\u00e3o do chip FM nos celulares e disse que est\u00e1 trabalhando para que a obrigatoriedade da ativa\u00e7\u00e3o do dispositivo seja a mais breve poss\u00edvel.<\/p>\n<p style=\"text-align: justify;\">Tamb\u00e9m em setembro, a ABERT lan\u00e7ou campanha pela obrigatoriedade de inser\u00e7\u00e3o e desbloqueio do chip FM nos celulares produzidos e comercializados no Brasil. O material continua dispon\u00edvel para as emissoras que desejarem veicular gratuitamente as pe\u00e7as publicit\u00e1rias.<\/p>\n<p style=\"text-align: justify;\">Com o lema \u201cSmart \u00e9 ter r\u00e1dio FM de gra\u00e7a\u201d, os quatro spots de 30 segundos cada, banners e dois v\u00eddeos tamb\u00e9m de 30 segundos para as redes sociais lembram a import\u00e2ncia de os consumidores escolherem um modelo de celular que tenha o chip FM embutido no aparelho.<\/p>\n<p style=\"text-align: justify;\">\u201cO r\u00e1dio est\u00e1 sempre com o ouvinte, em especial nos momentos de desastres naturais, quando os servi\u00e7os de telecomunica\u00e7\u00f5es s\u00e3o interrompidos. O chip FM no celular garante ao ouvinte o acesso gratuito \u00e0s informa\u00e7\u00f5es, servi\u00e7os e entretenimento, sem depender de um pacote de dados da internet\u201d, lembra o presidente da ABERT, Fl\u00e1vio Lara Resende.<\/p>\n<p style=\"text-align: justify;\">Os modelos e marcas de smartphones que possuem o chip FM ativado est\u00e1 no site abert.org.br\/celulares. A atualiza\u00e7\u00e3o \u00e9 feita periodicamente pela equipe da ABERT.<\/p>\n<p style=\"text-align: justify;\">\nO material para veicula\u00e7\u00e3o gratuita da campanha est\u00e1\u00a0<a href=\"https:\/\/www.abert.org.br\/web\/notmenu\/dia-nacional-do-radio-abert-lanca-campanha-pelo-chip-fm-nos-celulares.html\">AQUI<\/a>.<\/p>\n<\/div>\n<div class=\"uk-margin-small\" style=\"text-align: justify;\"><span class=\"prefix\">Fonte:<\/span> ABERT<\/div>\n","protected":false},"excerpt":{"rendered":"<p>Em entrevista \u00e0 R\u00e1dio 98 FM de Natal (RN), na&hellip;<\/p>\n<p> <a class=\"more-link\" href=\"https:\/\/sertsc.org.br\/site\/chip-fm-no-celular-ministro-promete-dar-presente-para-as-radios\/\">Leia mais<\/a><\/p>\n","protected":false},"author":1,"featured_media":13993,"comment_status":"open","ping_status":"open","sticky":false,"template":"","format":"standard","meta":{"footnotes":""},"categories":[3],"tags":[],"class_list":{"0":"post-13992","1":"post","2":"type-post","3":"status-publish","4":"format-standard","5":"has-post-thumbnail","7":"category-noticias"},"_links":{"self":[{"href":"https:\/\/sertsc.org.br\/site\/wp-json\/wp\/v2\/posts\/13992","targetHints":{"allow":["GET"]}}],"collection":[{"href":"https:\/\/sertsc.org.br\/site\/wp-json\/wp\/v2\/posts"}],"about":[{"href":"https:\/\/sertsc.org.br\/site\/wp-json\/wp\/v2\/types\/post"}],"author":[{"embeddable":true,"href":"https:\/\/sertsc.org.br\/site\/wp-json\/wp\/v2\/users\/1"}],"replies":[{"embeddable":true,"href":"https:\/\/sertsc.org.br\/site\/wp-json\/wp\/v2\/comments?post=13992"}],"version-history":[{"count":0,"href":"https:\/\/sertsc.org.br\/site\/wp-json\/wp\/v2\/posts\/13992\/revisions"}],"wp:featuredmedia":[{"embeddable":true,"href":"https:\/\/sertsc.org.br\/site\/wp-json\/"}],"wp:attachment":[{"href":"https:\/\/sertsc.org.br\/site\/wp-json\/wp\/v2\/media?parent=13992"}],"wp:term":[{"taxonomy":"category","embeddable":true,"href":"https:\/\/sertsc.org.br\/site\/wp-json\/wp\/v2\/categories?post=13992"},{"taxonomy":"post_tag","embeddable":true,"href":"https:\/\/sertsc.org.br\/site\/wp-json\/wp\/v2\/tags?post=13992"}],"curies":[{"name":"wp","href":"https:\/\/api.w.org\/{rel}","templated":true}]}}