{"id":13983,"date":"2020-10-29T14:53:56","date_gmt":"2020-10-29T17:53:56","guid":{"rendered":"https:\/\/www.sertsc.org.br\/site\/?p=13983"},"modified":"2020-10-29T14:53:56","modified_gmt":"2020-10-29T17:53:56","slug":"ocde-avalia-politicas-propostas-pelo-minicom","status":"publish","type":"post","link":"https:\/\/sertsc.org.br\/site\/ocde-avalia-politicas-propostas-pelo-minicom\/","title":{"rendered":"OCDE avalia pol\u00edticas propostas pelo Minicom"},"content":{"rendered":"<p style=\"text-align: justify;\">Ministros e representantes de diversos setores do governo participaram, na segunda-feira (26), da cerim\u00f4nia de apresenta\u00e7\u00e3o dos documentos \u201cA Caminho da Era Digital no Brasil\u201d e \u201cTelecomunica\u00e7\u00f5es e Radiodifus\u00e3o no Brasil\u201d, elaborados pela Organiza\u00e7\u00e3o para a Coopera\u00e7\u00e3o e Desenvolvimento Econ\u00f4mico (OCDE). Na ocasi\u00e3o, o ministro das Comunica\u00e7\u00f5es, F\u00e1bio Faria, afirmou que a avalia\u00e7\u00e3o das pol\u00edticas brasileiras de telecomunica\u00e7\u00f5es, radiodifus\u00e3o e de transforma\u00e7\u00e3o digital \u00e9 um marco para o aprimoramento do ambiente econ\u00f4mico e institucional brasileiro.<\/p>\n<p style=\"text-align: justify;\">Faria destacou que as constantes atualiza\u00e7\u00f5es tecnol\u00f3gicas e regulat\u00f3rias necess\u00e1rias para manter a radiodifus\u00e3o moderna e relevante est\u00e3o sendo promovidas pelo Minist\u00e9rio das Comunica\u00e7\u00f5es (Minicom). Muitas delas, como o Plano Nacional de Internet das Coisas (IoT), a recente entrada em vigor da Lei Geral de Prote\u00e7\u00e3o de Dados (LGPD) e a instala\u00e7\u00e3o da Autoridade Nacional de Prote\u00e7\u00e3o de Dados (ANPD), como inst\u00e2ncia independente, foram vistas como avan\u00e7os positivos pela OCDE.<\/p>\n<p style=\"text-align: justify;\">O chefe da pasta avaliou ainda os dois lados decorrentes da manuten\u00e7\u00e3o da lei que regulamenta o segmento desde 1962: se, por um lado, a longevidade do texto deu estabilidade para que o setor se desenvolvesse, por outro, criou assimetrias regulat\u00f3rias decorrentes do surgimento de novos meios de comunica\u00e7\u00e3o, como as plataformas digitais.<\/p>\n<p style=\"text-align: justify;\">Para Faria, as recomenda\u00e7\u00f5es da OCDE servir\u00e3o como b\u00fassola no processo de potencializa\u00e7\u00e3o das tecnologias digitais em prol do desenvolvimento econ\u00f4mico, da inclus\u00e3o social e da presta\u00e7\u00e3o eficiente de servi\u00e7os p\u00fablicos. \u201cEsse trabalho nos d\u00e1 luz sobre como desenvolver de maneira mais apropriada o relacionamento institucional entre os diversos atores envolvidos direta ou indiretamente na regula\u00e7\u00e3o e na supervis\u00e3o dos servi\u00e7os de telecomunica\u00e7\u00f5es e de radiodifus\u00e3o\u201d, avaliou o ministro.<\/p>\n<p style=\"text-align: justify;\">Tamb\u00e9m participaram do evento o secret\u00e1rio-geral da OCDE, Angel Gurr\u00eda, e os ministros Braga Netto (Casa Civil), Ernesto Ara\u00fajo (Rela\u00e7\u00f5es Exteriores), e Marcos Pontes (Ci\u00eancia e Tecnologia).<\/p>\n<p style=\"text-align: justify;\">\n<p><img fetchpriority=\"high\" decoding=\"async\" class=\"aligncenter size-full wp-image-13984\" src=\"https:\/\/www.sertsc.org.br\/site\/wp-content\/uploads\/2020\/10\/brail_ocde_edit.jpg\" alt=\"\" width=\"400\" height=\"227\" \/><\/p>\n<p>&nbsp;<\/p>\n<p>Fonte: ABERT<\/p>\n","protected":false},"excerpt":{"rendered":"<p>Ministros e representantes de diversos setores do governo participaram, na&hellip;<\/p>\n<p> <a class=\"more-link\" href=\"https:\/\/sertsc.org.br\/site\/ocde-avalia-politicas-propostas-pelo-minicom\/\">Leia mais<\/a><\/p>\n","protected":false},"author":1,"featured_media":13984,"comment_status":"open","ping_status":"open","sticky":false,"template":"","format":"standard","meta":{"footnotes":""},"categories":[3],"tags":[],"class_list":{"0":"post-13983","1":"post","2":"type-post","3":"status-publish","4":"format-standard","5":"has-post-thumbnail","7":"category-noticias"},"_links":{"self":[{"href":"https:\/\/sertsc.org.br\/site\/wp-json\/wp\/v2\/posts\/13983","targetHints":{"allow":["GET"]}}],"collection":[{"href":"https:\/\/sertsc.org.br\/site\/wp-json\/wp\/v2\/posts"}],"about":[{"href":"https:\/\/sertsc.org.br\/site\/wp-json\/wp\/v2\/types\/post"}],"author":[{"embeddable":true,"href":"https:\/\/sertsc.org.br\/site\/wp-json\/wp\/v2\/users\/1"}],"replies":[{"embeddable":true,"href":"https:\/\/sertsc.org.br\/site\/wp-json\/wp\/v2\/comments?post=13983"}],"version-history":[{"count":0,"href":"https:\/\/sertsc.org.br\/site\/wp-json\/wp\/v2\/posts\/13983\/revisions"}],"wp:featuredmedia":[{"embeddable":true,"href":"https:\/\/sertsc.org.br\/site\/wp-json\/"}],"wp:attachment":[{"href":"https:\/\/sertsc.org.br\/site\/wp-json\/wp\/v2\/media?parent=13983"}],"wp:term":[{"taxonomy":"category","embeddable":true,"href":"https:\/\/sertsc.org.br\/site\/wp-json\/wp\/v2\/categories?post=13983"},{"taxonomy":"post_tag","embeddable":true,"href":"https:\/\/sertsc.org.br\/site\/wp-json\/wp\/v2\/tags?post=13983"}],"curies":[{"name":"wp","href":"https:\/\/api.w.org\/{rel}","templated":true}]}}